{"id":371,"date":"2024-06-02T12:22:33","date_gmt":"2024-06-02T15:22:33","guid":{"rendered":"http:\/\/pdemocraticoneuquen.com\/?p=371"},"modified":"2024-06-02T12:22:34","modified_gmt":"2024-06-02T15:22:34","slug":"apoyo-del-partido-democratico-italiano-en-argentina-al-comunicado-del-psoe-argentina","status":"publish","type":"post","link":"https:\/\/pdemocraticoneuquen.com\/index.php\/2024\/06\/02\/apoyo-del-partido-democratico-italiano-en-argentina-al-comunicado-del-psoe-argentina\/","title":{"rendered":"Apoyo del Partido Democr\u00e1tico Italiano en Argentina al Comunicado del PSOE Argentina"},"content":{"rendered":"\n<p><br>Desde el Partido Democr\u00e1tico Italiano en Argentina, queremos expresar nuestro total apoyo y solidaridad con PSOE acorde al comunicado emitido por su filial en Argentina en repudio a las declaraciones del presidente Javier Milei contra el presidente del gobierno espa\u00f1ol, Pedro S\u00e1nchez.<br>Repudiamos en\u00e9rgicamente dichas declaraciones, efectuadas recientemente en Madrid, en el marco de un acto de campa\u00f1a del partido ultraderechista Vox, en las que, entre otras declaraciones desafortunadas, se refiri\u00f3 de manera irrespetuosa al presidente de Espa\u00f1a, secretario general de nuestro partido hermano y titular de la Internacional Socialista, Pedro S\u00e1nchez, y a su esposa, Bego\u00f1a G\u00f3mez.<br>Los italianos y las italianas que residimos en Argentina consideramos que estas actitudes debilitan lazos fraternales que atraviesan Atl\u00e1ntico. No todo vale en pol\u00edtica y menos aun trat\u00e1ndose del presidente de todos los argentinos y argentinas, quien debe representar tanto a quienes lo votaron como a quienes no lo votaron y ser respetuoso con las autoridades de otros pa\u00edses.<br>La ultraderecha espa\u00f1ola y otras fuerzas similares de otros pa\u00edses europeos, presentes en el mencionado acto, son fuerzas pol\u00edticas que se sit\u00faan en el borde de la democracia y se sirven sistem\u00e1ticamente del insulto, el desprecio, la falta de respeto y la violencia en sus campa\u00f1as.<br>Por todo eso, consideramos que es necesario y urgente una disculpa p\u00fablica del presidente argentino hacia Pedro S\u00e1nchez y el pronunciamiento en ese mismo sentido de todas las fuerzas pol\u00edticas del arco democr\u00e1tico del mundo.<br>Partido Democr\u00e1tico Italiano en Argentina<\/p>\n","protected":false},"excerpt":{"rendered":"<p>Desde el Partido Democr\u00e1tico Italiano en Argentina, queremos expresar nuestro total apoyo y solidaridad con PSOE acorde al comunicado emitido por su filial en Argentina en repudio a las declaraciones del presidente Javier Milei contra el presidente del gobierno espa\u00f1ol, Pedro S\u00e1nchez.Repudiamos en\u00e9rgicamente dichas declaraciones, efectuadas recientemente en Madrid, en el marco de un acto &hellip;<\/p>\n","protected":false},"author":1,"featured_media":124,"comment_status":"closed","ping_status":"closed","sticky":false,"template":"","format":"standard","meta":{"footnotes":""},"categories":[7],"tags":[9,6],"class_list":["post-371","post","type-post","status-publish","format-standard","has-post-thumbnail","hentry","category-pd","tag-pd","tag-politica"],"aioseo_notices":[],"_links":{"self":[{"href":"https:\/\/pdemocraticoneuquen.com\/index.php\/wp-json\/wp\/v2\/posts\/371","targetHints":{"allow":["GET"]}}],"collection":[{"href":"https:\/\/pdemocraticoneuquen.com\/index.php\/wp-json\/wp\/v2\/posts"}],"about":[{"href":"https:\/\/pdemocraticoneuquen.com\/index.php\/wp-json\/wp\/v2\/types\/post"}],"author":[{"embeddable":true,"href":"https:\/\/pdemocraticoneuquen.com\/index.php\/wp-json\/wp\/v2\/users\/1"}],"replies":[{"embeddable":true,"href":"https:\/\/pdemocraticoneuquen.com\/index.php\/wp-json\/wp\/v2\/comments?post=371"}],"version-history":[{"count":1,"href":"https:\/\/pdemocraticoneuquen.com\/index.php\/wp-json\/wp\/v2\/posts\/371\/revisions"}],"predecessor-version":[{"id":372,"href":"https:\/\/pdemocraticoneuquen.com\/index.php\/wp-json\/wp\/v2\/posts\/371\/revisions\/372"}],"wp:featuredmedia":[{"embeddable":true,"href":"https:\/\/pdemocraticoneuquen.com\/index.php\/wp-json\/wp\/v2\/media\/124"}],"wp:attachment":[{"href":"https:\/\/pdemocraticoneuquen.com\/index.php\/wp-json\/wp\/v2\/media?parent=371"}],"wp:term":[{"taxonomy":"category","embeddable":true,"href":"https:\/\/pdemocraticoneuquen.com\/index.php\/wp-json\/wp\/v2\/categories?post=371"},{"taxonomy":"post_tag","embeddable":true,"href":"https:\/\/pdemocraticoneuquen.com\/index.php\/wp-json\/wp\/v2\/tags?post=371"}],"curies":[{"name":"wp","href":"https:\/\/api.w.org\/{rel}","templated":true}]}}