{"id":358,"date":"2023-01-30T10:50:54","date_gmt":"2023-01-30T13:50:54","guid":{"rendered":"http:\/\/pdemocraticoneuquen.com\/?p=358"},"modified":"2023-01-30T10:50:55","modified_gmt":"2023-01-30T13:50:55","slug":"fabio-porta-pd-interviene-in-aula-sulla-istituzione-delle-commissioni-parlamentari-per-il-contrasto-alla-mafia-e-alle-attivita-illecite-connesse-al-ciclo-dei-rifiuti","status":"publish","type":"post","link":"https:\/\/pdemocraticoneuquen.com\/index.php\/2023\/01\/30\/fabio-porta-pd-interviene-in-aula-sulla-istituzione-delle-commissioni-parlamentari-per-il-contrasto-alla-mafia-e-alle-attivita-illecite-connesse-al-ciclo-dei-rifiuti\/","title":{"rendered":"<strong>FABIO PORTA (PD) \u2013&nbsp;<\/strong><strong>INTERVIENE IN AULA SULLA ISTITUZIONE DELLE COMMISSIONI PARLAMENTARI PER IL CONTRASTO ALLA MAFIA E ALLE ATTIVIT\u00c0 ILLECITE CONNESSE AL CICLO DEI RIFIUTI<\/strong>"},"content":{"rendered":"\n<p>L&#8217;on. Fabio Porta, a nome del Partito Democratico, \u00e8 intervenuto su due importanti provvedimenti all&#8217;esame della Camera dei Deputati: la proposta di legge per l&#8217;istituzione della&nbsp;<strong>Commissione parlamentare di inchiesta sul fenomeno delle mafie e sulle altre associazioni criminali<\/strong>&nbsp;e quella per l&#8217;istituzione della&nbsp;<strong>Commissione parlamentare di inchiesta sulle attivit\u00e0 illecite connesse al ciclo dei rifiuti e su altri illeciti ambientali e agroalimentari.<\/strong><\/p>\n\n\n\n<p>\u00abSono particolarmente orgoglioso da deputato siciliano ed eletto in America Latina di poter intervenire su queste due proposte di legge, fortemente volute dal Partito Democratico. Si tratta \u2013 ha spiegato il deputato dem &#8211; di rispondere ad un dovere politico e morale ma anche agli appelli provenienti dalla societ\u00e0 civile che chiedono un impegno risoluto contro le mafie e i poteri criminali straordinariamente pericolosi e capaci di adattarsi, colpendo il tessuto vivo del paese, insinuandosi negli affari, nella societ\u00e0, nella politica, in Italia come all&#8217;estero. Tra tutti, voglio ricordare il richiamo di don Luigi Ciotti e dell&#8217;associazione \u00abLibera\u00bb che ci esorta a dare un segnale forte per non lasciare che il problema delle mafie, ma anche dei fenomeni connessi della droga, della corruzione, del gioco d&#8217;azzardo e dei disastri ambientali prodotti dalla criminalit\u00e0 organizzata, si normalizzino nelle nostre coscienze e nel nostro agire quotidiano\u00bb.<\/p>\n\n\n\n<p>\u00abLa mafia utilizza armi sempre pi\u00f9 moderne, tra le quali la corruzione, le pressioni economiche e le intimidazioni; mira a mantenere basso il livello di allarme sociale, in modo da scomparire dal dibattito pubblico e fare affari ad ogni livello. Il consenso alle mafie si radica in modo particolare negli ambienti che debbono il loro benessere o la loro sopravvivenza alle attivit\u00e0 economiche che ruotano intorno a esse, com&#8217;\u00e8 normale che avvenga in tutti i campi in cui, in varie parti del mondo, interi settori della societ\u00e0 sanno di dovere la propria sopravvivenza ad attivit\u00e0 illecite o criminali\u00bb, ha sottolineato l&#8217;on. Porta nel suo articolato intervento in Aula.<\/p>\n\n\n\n<p>Ricordando le figure di uomini che hanno dato la vita per lottare contro la mafia, Fabio Porta ha sottolineato poi l&#8217;importanza di garantire la presenza dello Stato a sostegno dei cittadini e delle imprese soprattutto in questo momento di crisi economica per sbarrare ogni tentativo di infiltrazione della criminalit\u00e0 organizzata.<\/p>\n\n\n\n<p>\u00ab\u00c8 importante in tale contesto sostenere i giovani nella loro ricerca di legalit\u00e0 e promuovere una sempre maggiore collaborazione tra Paesi ed istituzioni. Aggredire quelle attivit\u00e0 criminose che si insinuano nei sistemi economici e finanziari ma anche di smaltimento dei rifiuti, considerando che i reati ambientali si configurano sempre pi\u00f9 come &#8216;reati spia&#8217; di attivit\u00e0 illecite e di riconversione di esercizi criminali, \u00e8 un dovere di tutti per garantire il progresso civile e sociale, la libert\u00e0 e la democrazia\u00bb.<\/p>\n\n\n\n<p>Link agli interventi di Fabio Porta<\/p>\n\n\n\n<p><strong>1. Istituzione commissione antimafia<\/strong><\/p>\n\n\n\n<p><a href=\"http:\/\/webtv.camera.it\/evento\/21660\/532516\" target=\"_blank\" rel=\"noreferrer noopener\">http:\/\/webtv.camera.it\/evento\/21660\/532516<\/a><\/p>\n\n\n\n<p><strong>2. Istituzione commissione attivit\u00e0 illecite connesse al ciclo dei rifiuti<\/strong><\/p>\n\n\n\n<p><a href=\"http:\/\/webtv.camera.it\/evento\/21660\/532532\" target=\"_blank\" rel=\"noreferrer noopener\">http:\/\/webtv.camera.it\/evento\/21660\/532532<\/a><\/p>\n","protected":false},"excerpt":{"rendered":"<p>L&#8217;on. Fabio Porta, a nome del Partito Democratico, \u00e8 intervenuto su due importanti provvedimenti all&#8217;esame della Camera dei Deputati: la proposta di legge per l&#8217;istituzione della&nbsp;Commissione parlamentare di inchiesta sul fenomeno delle mafie e sulle altre associazioni criminali&nbsp;e quella per l&#8217;istituzione della&nbsp;Commissione parlamentare di inchiesta sulle attivit\u00e0 illecite connesse al ciclo dei rifiuti e su &hellip;<\/p>\n","protected":false},"author":1,"featured_media":359,"comment_status":"closed","ping_status":"closed","sticky":false,"template":"","format":"standard","meta":{"footnotes":""},"categories":[4,7],"tags":[],"class_list":["post-358","post","type-post","status-publish","format-standard","has-post-thumbnail","hentry","category-fabio-porta","category-pd"],"aioseo_notices":[],"_links":{"self":[{"href":"https:\/\/pdemocraticoneuquen.com\/index.php\/wp-json\/wp\/v2\/posts\/358","targetHints":{"allow":["GET"]}}],"collection":[{"href":"https:\/\/pdemocraticoneuquen.com\/index.php\/wp-json\/wp\/v2\/posts"}],"about":[{"href":"https:\/\/pdemocraticoneuquen.com\/index.php\/wp-json\/wp\/v2\/types\/post"}],"author":[{"embeddable":true,"href":"https:\/\/pdemocraticoneuquen.com\/index.php\/wp-json\/wp\/v2\/users\/1"}],"replies":[{"embeddable":true,"href":"https:\/\/pdemocraticoneuquen.com\/index.php\/wp-json\/wp\/v2\/comments?post=358"}],"version-history":[{"count":1,"href":"https:\/\/pdemocraticoneuquen.com\/index.php\/wp-json\/wp\/v2\/posts\/358\/revisions"}],"predecessor-version":[{"id":360,"href":"https:\/\/pdemocraticoneuquen.com\/index.php\/wp-json\/wp\/v2\/posts\/358\/revisions\/360"}],"wp:featuredmedia":[{"embeddable":true,"href":"https:\/\/pdemocraticoneuquen.com\/index.php\/wp-json\/wp\/v2\/media\/359"}],"wp:attachment":[{"href":"https:\/\/pdemocraticoneuquen.com\/index.php\/wp-json\/wp\/v2\/media?parent=358"}],"wp:term":[{"taxonomy":"category","embeddable":true,"href":"https:\/\/pdemocraticoneuquen.com\/index.php\/wp-json\/wp\/v2\/categories?post=358"},{"taxonomy":"post_tag","embeddable":true,"href":"https:\/\/pdemocraticoneuquen.com\/index.php\/wp-json\/wp\/v2\/tags?post=358"}],"curies":[{"name":"wp","href":"https:\/\/api.w.org\/{rel}","templated":true}]}}