{"id":342,"date":"2022-12-15T13:47:09","date_gmt":"2022-12-15T16:47:09","guid":{"rendered":"http:\/\/pdemocraticoneuquen.com\/?p=342"},"modified":"2022-12-15T13:47:10","modified_gmt":"2022-12-15T16:47:10","slug":"porta-pd-il-servizio-civile-e-uno-strumento-di-pace-da-rilanciare-a-50-anni-della-sua-istituzione","status":"publish","type":"post","link":"https:\/\/pdemocraticoneuquen.com\/index.php\/2022\/12\/15\/porta-pd-il-servizio-civile-e-uno-strumento-di-pace-da-rilanciare-a-50-anni-della-sua-istituzione\/","title":{"rendered":"PORTA (PD): IL SERVIZIO CIVILE \u00c8 UNO STRUMENTO DI PACE DA RILANCIARE A 50 ANNI DELLA SUA ISTITUZIONE"},"content":{"rendered":"\n<p>L&#8217;On. Fabio Porta \u00e8 intervenuto nell&#8217;Aula di Montecitorio per ricordare i 50 anni della legge 772, la prima a riconoscere l&#8217;obiezione di coscienza e ad istituire il servizio civile che promuove la difesa non violenta e la solidariet\u00e0.<\/p>\n\n\n\n<p>Il parlamentare del Pd ha rievocato le lotte non-violente di giovani obiettori di coscienza, ma anche il contributo determinante per l&#8217;affermazione del metodo della nonviolenza di personaggi come don Primo Mazzolari, Aldo Capitini, Ernesto Balduddi, Giorgio La Pira e \u2013 soprattutto \u2013 don Lorenzo Milani che fu condannato pochi giorni prima della sua prematura morte per il suo coraggioso testo \u00abL&#8217;obbedienza non \u00e8 pi\u00f9 una virt\u00f9\u00bb.&nbsp;<\/p>\n\n\n\n<p>&nbsp;\u00abIl servizio civile \u2013 ha ricordato l&#8217;on. Porta &#8211; ha permesso a migliaia di giovani, tra i quali il sottoscritto, di vivere in Italia o all&#8217;estero una straordinaria esperienza di solidariet\u00e0. Oggi, invece di parlare di una anacronistica &#8216;mini-naja&#8217;, dovremmo rilanciare questo importante strumento di democrazia. Un segnale di pace di cui l&#8217;Italia e il mondo avrebbero bisogno pi\u00f9 che mai\u00bb \u2013 ha rimarcato Fabio Porta a conclusione del suo intervento.<\/p>\n","protected":false},"excerpt":{"rendered":"<p>L&#8217;On. Fabio Porta \u00e8 intervenuto nell&#8217;Aula di Montecitorio per ricordare i 50 anni della legge 772, la prima a riconoscere l&#8217;obiezione di coscienza e ad istituire il servizio civile che promuove la difesa non violenta e la solidariet\u00e0. Il parlamentare del Pd ha rievocato le lotte non-violente di giovani obiettori di coscienza, ma anche il &hellip;<\/p>\n","protected":false},"author":1,"featured_media":343,"comment_status":"closed","ping_status":"closed","sticky":false,"template":"","format":"standard","meta":{"footnotes":""},"categories":[4,7],"tags":[],"class_list":["post-342","post","type-post","status-publish","format-standard","has-post-thumbnail","hentry","category-fabio-porta","category-pd"],"aioseo_notices":[],"_links":{"self":[{"href":"https:\/\/pdemocraticoneuquen.com\/index.php\/wp-json\/wp\/v2\/posts\/342","targetHints":{"allow":["GET"]}}],"collection":[{"href":"https:\/\/pdemocraticoneuquen.com\/index.php\/wp-json\/wp\/v2\/posts"}],"about":[{"href":"https:\/\/pdemocraticoneuquen.com\/index.php\/wp-json\/wp\/v2\/types\/post"}],"author":[{"embeddable":true,"href":"https:\/\/pdemocraticoneuquen.com\/index.php\/wp-json\/wp\/v2\/users\/1"}],"replies":[{"embeddable":true,"href":"https:\/\/pdemocraticoneuquen.com\/index.php\/wp-json\/wp\/v2\/comments?post=342"}],"version-history":[{"count":1,"href":"https:\/\/pdemocraticoneuquen.com\/index.php\/wp-json\/wp\/v2\/posts\/342\/revisions"}],"predecessor-version":[{"id":344,"href":"https:\/\/pdemocraticoneuquen.com\/index.php\/wp-json\/wp\/v2\/posts\/342\/revisions\/344"}],"wp:featuredmedia":[{"embeddable":true,"href":"https:\/\/pdemocraticoneuquen.com\/index.php\/wp-json\/wp\/v2\/media\/343"}],"wp:attachment":[{"href":"https:\/\/pdemocraticoneuquen.com\/index.php\/wp-json\/wp\/v2\/media?parent=342"}],"wp:term":[{"taxonomy":"category","embeddable":true,"href":"https:\/\/pdemocraticoneuquen.com\/index.php\/wp-json\/wp\/v2\/categories?post=342"},{"taxonomy":"post_tag","embeddable":true,"href":"https:\/\/pdemocraticoneuquen.com\/index.php\/wp-json\/wp\/v2\/tags?post=342"}],"curies":[{"name":"wp","href":"https:\/\/api.w.org\/{rel}","templated":true}]}}