{"id":336,"date":"2022-12-14T16:20:07","date_gmt":"2022-12-14T19:20:07","guid":{"rendered":"http:\/\/pdemocraticoneuquen.com\/?p=336"},"modified":"2022-12-14T16:20:08","modified_gmt":"2022-12-14T19:20:08","slug":"qatargate-i-dem-fanno-sapere-che-nel-processo-per-linchiesta-belga-per-corruzione-al-parlamento-europeo-si-costituiranno-parte-civile","status":"publish","type":"post","link":"https:\/\/pdemocraticoneuquen.com\/index.php\/2022\/12\/14\/qatargate-i-dem-fanno-sapere-che-nel-processo-per-linchiesta-belga-per-corruzione-al-parlamento-europeo-si-costituiranno-parte-civile\/","title":{"rendered":"Qatargate: i dem fanno sapere che nel processo per l&#8217;inchiesta belga per corruzione al Parlamento europeo si costituiranno parte civile"},"content":{"rendered":"\n<p>\u00abSiamo sconcertati per le notizie relative all&#8217;inchiesta giudiziaria in corso a Bruxelles. Notizie che ci spingono a tenere una linea dura e ad esigere la massima inflessibilit\u00e0. Gli atti e le condotte che stanno emergendo sono, infatti, di una gravit\u00e0 assoluta e minano la reputazione dell&#8217;istituzione, il Parlamento europeo, che per noi \u00e8 il cuore della democrazia\u00bb. Lo afferma in una nota la segreteria del Partito democratico. Nell&#8217;inchiesta della procura belga su una presunta corruzione dentro il Parlamento europeo in favore del Qatar sono stati arrestati, tra gli altri, l&#8217;ex eurodeputato del Pd Antonio Panzeri e la vicepresidente dell&#8217;Europarlamento Eva Kaili, deputata socialista greca che ieri \u00e8 stata destituita della propria carica all&#8217;Eurocamera. \u00abChiediamo alla magistratura \u2013 prosegue la nota dei dem \u2013 di fare piena luce e alle istituzioni europee di essere inflessibili nell&#8217;assumere tutte le misure necessarie. Abbiamo chiesto inoltre la costituzione di una commissione di inchiesta del Parlamento europeo che, nel pi\u00f9 breve tempo possibile, possa fare piena luce su quanto accaduto\u00bb. Dal Pd fanno sapere che \u00abquel che \u00e8 certo \u00e8 che tutti gli atti parlamentari dimostrano che gli eventuali tentativi di influenzare le decisioni assunte dalla delegazione del Pd al Parlamento europeo si sono rivelati infruttuosi, visto che le posizioni assunte e i voti espressi sono stati i pi\u00f9 rigidi nell&#8217;esprimere una dura condanna del Qatar su questioni di fondamentale importanza, in particolare sul versante dei diritti umani e dei diritti dei lavoratori. Il Pd, in questa vicenda, \u00e8 parte lesa e si costituir\u00e0 parte civile nel procedimento giudiziario in corso. Analogamente terremo atteggiamenti inflessibili in linea con il nostro Statuto nei confronti di eventuali esponenti del Pd coinvolti\u00bb.<\/p>\n\n\n\n<p>Maria Anzalone<\/p>\n","protected":false},"excerpt":{"rendered":"<p>\u00abSiamo sconcertati per le notizie relative all&#8217;inchiesta giudiziaria in corso a Bruxelles. Notizie che ci spingono a tenere una linea dura e ad esigere la massima inflessibilit\u00e0. Gli atti e le condotte che stanno emergendo sono, infatti, di una gravit\u00e0 assoluta e minano la reputazione dell&#8217;istituzione, il Parlamento europeo, che per noi \u00e8 il cuore &hellip;<\/p>\n","protected":false},"author":1,"featured_media":337,"comment_status":"closed","ping_status":"closed","sticky":false,"template":"","format":"standard","meta":{"footnotes":""},"categories":[7],"tags":[],"class_list":["post-336","post","type-post","status-publish","format-standard","has-post-thumbnail","hentry","category-pd"],"aioseo_notices":[],"_links":{"self":[{"href":"https:\/\/pdemocraticoneuquen.com\/index.php\/wp-json\/wp\/v2\/posts\/336","targetHints":{"allow":["GET"]}}],"collection":[{"href":"https:\/\/pdemocraticoneuquen.com\/index.php\/wp-json\/wp\/v2\/posts"}],"about":[{"href":"https:\/\/pdemocraticoneuquen.com\/index.php\/wp-json\/wp\/v2\/types\/post"}],"author":[{"embeddable":true,"href":"https:\/\/pdemocraticoneuquen.com\/index.php\/wp-json\/wp\/v2\/users\/1"}],"replies":[{"embeddable":true,"href":"https:\/\/pdemocraticoneuquen.com\/index.php\/wp-json\/wp\/v2\/comments?post=336"}],"version-history":[{"count":1,"href":"https:\/\/pdemocraticoneuquen.com\/index.php\/wp-json\/wp\/v2\/posts\/336\/revisions"}],"predecessor-version":[{"id":338,"href":"https:\/\/pdemocraticoneuquen.com\/index.php\/wp-json\/wp\/v2\/posts\/336\/revisions\/338"}],"wp:featuredmedia":[{"embeddable":true,"href":"https:\/\/pdemocraticoneuquen.com\/index.php\/wp-json\/wp\/v2\/media\/337"}],"wp:attachment":[{"href":"https:\/\/pdemocraticoneuquen.com\/index.php\/wp-json\/wp\/v2\/media?parent=336"}],"wp:term":[{"taxonomy":"category","embeddable":true,"href":"https:\/\/pdemocraticoneuquen.com\/index.php\/wp-json\/wp\/v2\/categories?post=336"},{"taxonomy":"post_tag","embeddable":true,"href":"https:\/\/pdemocraticoneuquen.com\/index.php\/wp-json\/wp\/v2\/tags?post=336"}],"curies":[{"name":"wp","href":"https:\/\/api.w.org\/{rel}","templated":true}]}}