{"id":316,"date":"2022-11-01T14:02:14","date_gmt":"2022-11-01T17:02:14","guid":{"rendered":"http:\/\/pdemocraticoneuquen.com\/?p=316"},"modified":"2022-11-01T14:02:16","modified_gmt":"2022-11-01T17:02:16","slug":"verso-la-pacificazione-nazionale-allinsegna-della-giustizia-sociale-e-di-un-rinnovato-protagonismo-internazionale","status":"publish","type":"post","link":"https:\/\/pdemocraticoneuquen.com\/index.php\/2022\/11\/01\/verso-la-pacificazione-nazionale-allinsegna-della-giustizia-sociale-e-di-un-rinnovato-protagonismo-internazionale\/","title":{"rendered":"Verso la pacificazione nazionale, all&#8217;insegna della giustizia sociale e di un rinnovato protagonismo internazionale"},"content":{"rendered":"\n<p>Grazie al voto di oltre sessanta milioni di brasiliani Luiz In\u00e1cio Lula da Silva \u00e8 stato nuovamente eletto Presidente di una delle pi\u00f9 grandi democrazie del mondo, il pi\u00f9 grande Paese dell&#8217;America Latina. Due punti percentuali e due milioni di voti: una vittoria chiara ed inequivocabile ma che ci trasmette l&#8217;immagine di un Paese diviso, geograficamente e socialmente. Al Presidente Bolsonaro, che aveva ripetutamente messo in discussione l&#8217;equilibrio democratico tra i poteri dello Stato, alimentando atteggiamenti intolleranti da parte dei suoi seguaci pi\u00f9 fanatici e favorendo il dilagante uso delle armi in circolazione, il Presidente Lula risponde con un \u00abdeponiamo le armi\u00bb all&#8217;insegna della pacificazione morale di una nazione profondamente divisa dall&#8217;odio e dalla violenza politica. Intorno alla difesa della democrazia e della Costituzione nelle ultime settimane si \u00e8 consolidata in Brasile una ampia alleanza democratica tra leader politici, movimenti e partiti che pur da diversi punti di vista e matrici ideologiche diverse hanno puntato sull&#8217;ex dirigente dei metalmeccanici di Sao Bernardo do Campo per restituire al Brasile un clima di pieno rispetto dei principi democratici. Dopo avere conquistato, con il fondamentale contributo dei governi di Fernando Henrique Cardoso prima e dello stesso Lula poi, uno spazio centrale sulla scena internazionale, il Brasile di Bolsonaro era tornato ad avere un ruolo marginale sia a livello regionale che mondiale. Anche per questo il successo di Lula \u00e8 stato salutato in tutto il mondo con grande speranza ed entusiasmo. L&#8217;enfasi con la quale il neoeletto Presidente ha parlato della difesa dell&#8217;ambiente e dell&#8217;Amazzonia sono significative a questo proposito, rispondendo ad una delle grandi aspettative della comunit\u00e0 internazionale. Ma \u00e8 sulla ripresa del processo di crescita, sviluppo e redistribuzione della ricchezza che si giocher\u00e0 la prossima presidenza del Brasile. Determinante sar\u00e0 anche il ruolo dell&#8217;ex avversario di Lula e attuale suo Vice, Geraldo Alckmin, che dovr\u00e0 aiutare il Presidente a rassicurare mercati e ceto medio oggi scettici e soprattutto facilitare un dialogo con un Parlamento oggi prevalentemente ostile al nuovo inquilino del Palazzo dell&#8217;Alvorada. L&#8217;Italia ha sempre amato il Brasile, e questo anche in funzione della presenza in questo grandissimo Paese del pi\u00f9 alto numero di italo-discendenti al mondo. Continueremo a lavorare per rendere sempre pi\u00f9 stretti e proficui i rapporti tra i nostri due Paesi, per rendere omaggio alla grande epopea della nostra emigrazione in Brasile e puntare sul successo di un rapporto che non pu\u00f2 che apportare benefici e vantaggi ai nostri popoli fratelli e al mondo intero.<\/p>\n\n\n\n<p>Fabio Porta<\/p>\n","protected":false},"excerpt":{"rendered":"<p>Grazie al voto di oltre sessanta milioni di brasiliani Luiz In\u00e1cio Lula da Silva \u00e8 stato nuovamente eletto Presidente di una delle pi\u00f9 grandi democrazie del mondo, il pi\u00f9 grande Paese dell&#8217;America Latina. Due punti percentuali e due milioni di voti: una vittoria chiara ed inequivocabile ma che ci trasmette l&#8217;immagine di un Paese diviso, &hellip;<\/p>\n","protected":false},"author":1,"featured_media":250,"comment_status":"open","ping_status":"open","sticky":false,"template":"","format":"standard","meta":{"footnotes":""},"categories":[4,7],"tags":[],"class_list":["post-316","post","type-post","status-publish","format-standard","has-post-thumbnail","hentry","category-fabio-porta","category-pd"],"aioseo_notices":[],"_links":{"self":[{"href":"https:\/\/pdemocraticoneuquen.com\/index.php\/wp-json\/wp\/v2\/posts\/316","targetHints":{"allow":["GET"]}}],"collection":[{"href":"https:\/\/pdemocraticoneuquen.com\/index.php\/wp-json\/wp\/v2\/posts"}],"about":[{"href":"https:\/\/pdemocraticoneuquen.com\/index.php\/wp-json\/wp\/v2\/types\/post"}],"author":[{"embeddable":true,"href":"https:\/\/pdemocraticoneuquen.com\/index.php\/wp-json\/wp\/v2\/users\/1"}],"replies":[{"embeddable":true,"href":"https:\/\/pdemocraticoneuquen.com\/index.php\/wp-json\/wp\/v2\/comments?post=316"}],"version-history":[{"count":1,"href":"https:\/\/pdemocraticoneuquen.com\/index.php\/wp-json\/wp\/v2\/posts\/316\/revisions"}],"predecessor-version":[{"id":317,"href":"https:\/\/pdemocraticoneuquen.com\/index.php\/wp-json\/wp\/v2\/posts\/316\/revisions\/317"}],"wp:featuredmedia":[{"embeddable":true,"href":"https:\/\/pdemocraticoneuquen.com\/index.php\/wp-json\/wp\/v2\/media\/250"}],"wp:attachment":[{"href":"https:\/\/pdemocraticoneuquen.com\/index.php\/wp-json\/wp\/v2\/media?parent=316"}],"wp:term":[{"taxonomy":"category","embeddable":true,"href":"https:\/\/pdemocraticoneuquen.com\/index.php\/wp-json\/wp\/v2\/categories?post=316"},{"taxonomy":"post_tag","embeddable":true,"href":"https:\/\/pdemocraticoneuquen.com\/index.php\/wp-json\/wp\/v2\/tags?post=316"}],"curies":[{"name":"wp","href":"https:\/\/api.w.org\/{rel}","templated":true}]}}