{"id":313,"date":"2022-10-24T15:18:21","date_gmt":"2022-10-24T18:18:21","guid":{"rendered":"http:\/\/pdemocraticoneuquen.com\/?p=313"},"modified":"2022-10-24T15:18:22","modified_gmt":"2022-10-24T18:18:22","slug":"fabio-porta-pd-interviene-ad-agnone-al-settimo-festival-delle-spartenze-dalla-cultura-delle-radici-il-rilancio-delle-aree-interne-del-paese","status":"publish","type":"post","link":"https:\/\/pdemocraticoneuquen.com\/index.php\/2022\/10\/24\/fabio-porta-pd-interviene-ad-agnone-al-settimo-festival-delle-spartenze-dalla-cultura-delle-radici-il-rilancio-delle-aree-interne-del-paese\/","title":{"rendered":"<strong>FABIO PORTA (PD) INTERVIENE AD AGNONE AL SETTIMO FESTIVAL DELLE SPARTENZE \u00abDALLA CULTURA DELLE RADICI IL RILANCIO DELLE AREE INTERNE DEL PAESE\u00bb<\/strong>"},"content":{"rendered":"\n<p><strong>Intervenendo ad Agnone, in Molise,<\/strong>&nbsp;nell&#8217;ambito della settima edizione del<strong>&nbsp;Festival delle Spartenze<\/strong>, il deputato eletto in Sudamerica per il Partito Democratico Fabio Porta&nbsp;<strong>ha rilanciato il tema decisivo del fecondo rapporto che unisce emigrazione ed immigrazione per lo sviluppo dell&#8217;Italia a partire dalle sue aree interne a rischio di spopolamento<\/strong>.<\/p>\n\n\n\n<p>\u00abLa cultura delle radici \u2013 ha detto Porta \u2013 intorno alla quale \u00e8 stato costruito il progetto &#8216;turismo delle radici&#8217; del MAECI, \u00e8 paradigmatica del fondamentale apporto che le nostre comunit\u00e0 all&#8217;estero possono dare non soltanto allo sviluppo del Paese ma anche al ripopolamento delle tante aree interne a rischio di spopolamento.\u00bb<\/p>\n\n\n\n<p>\u00ab\u00c8&nbsp;un tema che il Festival delle Spartenze, grazie alla visione lungimirante del suo direttore e fondatore Giuseppe Sommario, ha da quasi un decennio posto al centro della propria riflessione itinerante che oggi \u00e8 divenuta patrimonio comune di tutti coloro che a vario titolo sono in Italia e nel mondo impegnati intorno a questa grande sfida progettuale e strategica.\u00bb<\/p>\n\n\n\n<p>\u00abLavoreremo in Parlamento per sostenere e orientare questo e altri progetti \u2013 ha concluso il parlamentare eletto in Sudamerica \u2013 stimolando e impegnando il governo a dare continuit\u00e0 con seriet\u00e0 e concretezza a questa grande scommessa, lontani dalla retorica e dalle facili promesse e vicini alle legittime aspettative delle nostre collettivit\u00e0 all&#8217;estero e dei tanti amministratori e operatori locali impegnati su questo tema nel territorio.\u00bb<\/p>\n\n\n\n<p>Roma, 24 ottobre 2022<\/p>\n\n\n\n<p>Ufficio stampa On. Fabio Porta<\/p>\n","protected":false},"excerpt":{"rendered":"<p>Intervenendo ad Agnone, in Molise,&nbsp;nell&#8217;ambito della settima edizione del&nbsp;Festival delle Spartenze, il deputato eletto in Sudamerica per il Partito Democratico Fabio Porta&nbsp;ha rilanciato il tema decisivo del fecondo rapporto che unisce emigrazione ed immigrazione per lo sviluppo dell&#8217;Italia a partire dalle sue aree interne a rischio di spopolamento. \u00abLa cultura delle radici \u2013 ha detto &hellip;<\/p>\n","protected":false},"author":1,"featured_media":292,"comment_status":"open","ping_status":"open","sticky":false,"template":"","format":"standard","meta":{"footnotes":""},"categories":[4,7],"tags":[],"class_list":["post-313","post","type-post","status-publish","format-standard","has-post-thumbnail","hentry","category-fabio-porta","category-pd"],"aioseo_notices":[],"_links":{"self":[{"href":"https:\/\/pdemocraticoneuquen.com\/index.php\/wp-json\/wp\/v2\/posts\/313","targetHints":{"allow":["GET"]}}],"collection":[{"href":"https:\/\/pdemocraticoneuquen.com\/index.php\/wp-json\/wp\/v2\/posts"}],"about":[{"href":"https:\/\/pdemocraticoneuquen.com\/index.php\/wp-json\/wp\/v2\/types\/post"}],"author":[{"embeddable":true,"href":"https:\/\/pdemocraticoneuquen.com\/index.php\/wp-json\/wp\/v2\/users\/1"}],"replies":[{"embeddable":true,"href":"https:\/\/pdemocraticoneuquen.com\/index.php\/wp-json\/wp\/v2\/comments?post=313"}],"version-history":[{"count":1,"href":"https:\/\/pdemocraticoneuquen.com\/index.php\/wp-json\/wp\/v2\/posts\/313\/revisions"}],"predecessor-version":[{"id":314,"href":"https:\/\/pdemocraticoneuquen.com\/index.php\/wp-json\/wp\/v2\/posts\/313\/revisions\/314"}],"wp:featuredmedia":[{"embeddable":true,"href":"https:\/\/pdemocraticoneuquen.com\/index.php\/wp-json\/wp\/v2\/media\/292"}],"wp:attachment":[{"href":"https:\/\/pdemocraticoneuquen.com\/index.php\/wp-json\/wp\/v2\/media?parent=313"}],"wp:term":[{"taxonomy":"category","embeddable":true,"href":"https:\/\/pdemocraticoneuquen.com\/index.php\/wp-json\/wp\/v2\/categories?post=313"},{"taxonomy":"post_tag","embeddable":true,"href":"https:\/\/pdemocraticoneuquen.com\/index.php\/wp-json\/wp\/v2\/tags?post=313"}],"curies":[{"name":"wp","href":"https:\/\/api.w.org\/{rel}","templated":true}]}}