{"id":304,"date":"2022-09-05T10:37:36","date_gmt":"2022-09-05T13:37:36","guid":{"rendered":"http:\/\/pdemocraticoneuquen.com\/?p=304"},"modified":"2022-09-05T10:37:38","modified_gmt":"2022-09-05T13:37:38","slug":"fabio-porta-pd-a-buenos-aires-rosario-e-cordoba-per-una-intensa-agenda-elettorale-a-sostegno-dei-candidati-del-partito-democratico","status":"publish","type":"post","link":"https:\/\/pdemocraticoneuquen.com\/index.php\/2022\/09\/05\/fabio-porta-pd-a-buenos-aires-rosario-e-cordoba-per-una-intensa-agenda-elettorale-a-sostegno-dei-candidati-del-partito-democratico\/","title":{"rendered":"<strong>FABIO PORTA (PD) A BUENOS AIRES, ROSARIO E CORDOBA PER UNA INTENSA AGENDA ELETTORALE A SOSTEGNO DEI CANDIDATI DEL PARTITO DEMOCRATICO&nbsp;<\/strong>"},"content":{"rendered":"\n<p>Una settimana intensa e impegnativa, quella del candidato alla Camera dei Deputati del Partito Democratico in America Meridionale Fabio Porta in Argentina, dove ha incontrato le maggiori collettivit\u00e0 italiane. A Rosario e Buenos Aires il parlamentare del PD \u00e8 stato accompagnato dalla Vice Ministro degli Esteri Marina Sereni, arrivata appositamente dall&#8217;Italia per sostenere la campagna elettorale in Sudamerica dei sei candidati del partito: Mario Sebastiani e Andrea Matarazzo al Senato; Antonella Pinto, Fabio Porta, Salvatore Finocchiaro e Filomena Narducci alla Camera.&nbsp;&nbsp; La presentazione alla collettivit\u00e0 della lista e dei suoi candidati \u00e8 stata fatta in due successive conferenze stampa a Rosario e Buenos Aires, mentre a Cordoba l&#8217;agenda politico-istituzionale si \u00e8 conclusa con un evento organizzato dal locale Circolo del PD.&nbsp;&nbsp; Gli incontri con la comunit\u00e0 italiana di Fabio Porta non si sono limitati alle capitali; l&#8217;esponente del Partito Democratico si \u00e8 anche recato a La Matanza, a Lobos e a Quilmes per visitare la grande cintura urbana della capitale argentina dove si concentra una significativa e tradizionale collettivit\u00e0 di origine italiana.&nbsp;<\/p>\n\n\n\n<p>\u00abSono grato a questa straordinaria collettivit\u00e0 \u2013 ha dichiarato il senatore Porta \u2013 per quanto mi ha dato nel corso di tanti anni di impegno politico a fianco della comunit\u00e0 degli italiani dell&#8217;Argentina e del Sudamerica; ho avuto la fortuna di visitare l&#8217;Argentina dal sud al nord in quasi tutte le sue provincie e porter\u00f2 sempre nel cuore la passione e l&#8217;attaccamento alle radici italiane che mi hanno trasmesso gli italiani di questa terra.\u00bb&nbsp;<\/p>\n","protected":false},"excerpt":{"rendered":"<p>Una settimana intensa e impegnativa, quella del candidato alla Camera dei Deputati del Partito Democratico in America Meridionale Fabio Porta in Argentina, dove ha incontrato le maggiori collettivit\u00e0 italiane. A Rosario e Buenos Aires il parlamentare del PD \u00e8 stato accompagnato dalla Vice Ministro degli Esteri Marina Sereni, arrivata appositamente dall&#8217;Italia per sostenere la campagna &hellip;<\/p>\n","protected":false},"author":1,"featured_media":292,"comment_status":"open","ping_status":"open","sticky":false,"template":"","format":"standard","meta":{"footnotes":""},"categories":[4,7],"tags":[],"class_list":["post-304","post","type-post","status-publish","format-standard","has-post-thumbnail","hentry","category-fabio-porta","category-pd"],"aioseo_notices":[],"_links":{"self":[{"href":"https:\/\/pdemocraticoneuquen.com\/index.php\/wp-json\/wp\/v2\/posts\/304","targetHints":{"allow":["GET"]}}],"collection":[{"href":"https:\/\/pdemocraticoneuquen.com\/index.php\/wp-json\/wp\/v2\/posts"}],"about":[{"href":"https:\/\/pdemocraticoneuquen.com\/index.php\/wp-json\/wp\/v2\/types\/post"}],"author":[{"embeddable":true,"href":"https:\/\/pdemocraticoneuquen.com\/index.php\/wp-json\/wp\/v2\/users\/1"}],"replies":[{"embeddable":true,"href":"https:\/\/pdemocraticoneuquen.com\/index.php\/wp-json\/wp\/v2\/comments?post=304"}],"version-history":[{"count":1,"href":"https:\/\/pdemocraticoneuquen.com\/index.php\/wp-json\/wp\/v2\/posts\/304\/revisions"}],"predecessor-version":[{"id":305,"href":"https:\/\/pdemocraticoneuquen.com\/index.php\/wp-json\/wp\/v2\/posts\/304\/revisions\/305"}],"wp:featuredmedia":[{"embeddable":true,"href":"https:\/\/pdemocraticoneuquen.com\/index.php\/wp-json\/wp\/v2\/media\/292"}],"wp:attachment":[{"href":"https:\/\/pdemocraticoneuquen.com\/index.php\/wp-json\/wp\/v2\/media?parent=304"}],"wp:term":[{"taxonomy":"category","embeddable":true,"href":"https:\/\/pdemocraticoneuquen.com\/index.php\/wp-json\/wp\/v2\/categories?post=304"},{"taxonomy":"post_tag","embeddable":true,"href":"https:\/\/pdemocraticoneuquen.com\/index.php\/wp-json\/wp\/v2\/tags?post=304"}],"curies":[{"name":"wp","href":"https:\/\/api.w.org\/{rel}","templated":true}]}}