{"id":298,"date":"2022-08-30T13:31:42","date_gmt":"2022-08-30T16:31:42","guid":{"rendered":"http:\/\/pdemocraticoneuquen.com\/?p=298"},"modified":"2022-08-30T13:31:44","modified_gmt":"2022-08-30T16:31:44","slug":"fabio-porta-pd-in-argentina-con-la-vice-ministro-degli-esteri-marina-sereni","status":"publish","type":"post","link":"https:\/\/pdemocraticoneuquen.com\/index.php\/2022\/08\/30\/fabio-porta-pd-in-argentina-con-la-vice-ministro-degli-esteri-marina-sereni\/","title":{"rendered":"FABIO PORTA (PD) IN ARGENTINA CON LA VICE MINISTRO DEGLI ESTERI MARINA SERENI"},"content":{"rendered":"\n<p>Dopo la presentazione della sua candidatura alla Camera dei Deputati a San Paolo,&nbsp; insieme al candidato al Senato Andrea Matarazzo,&nbsp; il Senatore Fabio Porta \u00e9 partito alla volta del Venezuela,&nbsp; dove \u00e9 stato accompagnato dalla capolista del PD Antonella Pinto in una intensa agenda caratterizzata da incontri istituzionali e con la nostra collettivit\u00e0.&nbsp; Dopo una nuova tappa in Brasile,&nbsp; a Vitoria e Porto Alegre,&nbsp; il parlamentare del Partito Democr\u00e1tico si \u00e9 incontrato a Buenos Aires con la Vice Ministro degli Esteri Marina Sereni.&nbsp; I due esponenti del PD sono quindi partiti alla volta di Rosario,&nbsp; dove ad accoglierli \u00e9 stato Salvatore Finocchiaro, Coordinatore dell&#8217;USEF Argentina e consigliere del Comites, anche lui candidato alla Camera in Sudamerica per il PD. Una s\u00e9rie di incontri con i sindacati e i partiti politici locali ed un evento finale con la collettivit\u00e0 italiana hanno segnato l&#8217;agenda in una delle principali capitali dell&#8217;italianita&#8217; nel mondo.&nbsp; A Buenos Aires Porta e Sereni avranno importanti riunioni di carattere politico- istituzionale,&nbsp; una visita privata alla Presidente delle &#8216;abuelas de Plaza de Mayo&#8217; Estela Carlotto e una conferenza stampa aperta alla collettivit\u00e0 al Circolo italiano,&nbsp; alla quale parteciperanno il Segretario del partito in Argentina Daniel Antenucci e i due candidati residenti in Argentina; insieme a Finocchiaro sara&#8217; presente il medico Mario Sebastiani, capolista al Senato.<\/p>\n","protected":false},"excerpt":{"rendered":"<p>Dopo la presentazione della sua candidatura alla Camera dei Deputati a San Paolo,&nbsp; insieme al candidato al Senato Andrea Matarazzo,&nbsp; il Senatore Fabio Porta \u00e9 partito alla volta del Venezuela,&nbsp; dove \u00e9 stato accompagnato dalla capolista del PD Antonella Pinto in una intensa agenda caratterizzata da incontri istituzionali e con la nostra collettivit\u00e0.&nbsp; Dopo una &hellip;<\/p>\n","protected":false},"author":1,"featured_media":299,"comment_status":"open","ping_status":"open","sticky":false,"template":"","format":"standard","meta":{"footnotes":""},"categories":[4,7],"tags":[],"class_list":["post-298","post","type-post","status-publish","format-standard","has-post-thumbnail","hentry","category-fabio-porta","category-pd"],"aioseo_notices":[],"_links":{"self":[{"href":"https:\/\/pdemocraticoneuquen.com\/index.php\/wp-json\/wp\/v2\/posts\/298","targetHints":{"allow":["GET"]}}],"collection":[{"href":"https:\/\/pdemocraticoneuquen.com\/index.php\/wp-json\/wp\/v2\/posts"}],"about":[{"href":"https:\/\/pdemocraticoneuquen.com\/index.php\/wp-json\/wp\/v2\/types\/post"}],"author":[{"embeddable":true,"href":"https:\/\/pdemocraticoneuquen.com\/index.php\/wp-json\/wp\/v2\/users\/1"}],"replies":[{"embeddable":true,"href":"https:\/\/pdemocraticoneuquen.com\/index.php\/wp-json\/wp\/v2\/comments?post=298"}],"version-history":[{"count":1,"href":"https:\/\/pdemocraticoneuquen.com\/index.php\/wp-json\/wp\/v2\/posts\/298\/revisions"}],"predecessor-version":[{"id":300,"href":"https:\/\/pdemocraticoneuquen.com\/index.php\/wp-json\/wp\/v2\/posts\/298\/revisions\/300"}],"wp:featuredmedia":[{"embeddable":true,"href":"https:\/\/pdemocraticoneuquen.com\/index.php\/wp-json\/wp\/v2\/media\/299"}],"wp:attachment":[{"href":"https:\/\/pdemocraticoneuquen.com\/index.php\/wp-json\/wp\/v2\/media?parent=298"}],"wp:term":[{"taxonomy":"category","embeddable":true,"href":"https:\/\/pdemocraticoneuquen.com\/index.php\/wp-json\/wp\/v2\/categories?post=298"},{"taxonomy":"post_tag","embeddable":true,"href":"https:\/\/pdemocraticoneuquen.com\/index.php\/wp-json\/wp\/v2\/tags?post=298"}],"curies":[{"name":"wp","href":"https:\/\/api.w.org\/{rel}","templated":true}]}}