{"id":295,"date":"2022-08-30T13:08:59","date_gmt":"2022-08-30T16:08:59","guid":{"rendered":"http:\/\/pdemocraticoneuquen.com\/?p=295"},"modified":"2022-08-30T14:33:09","modified_gmt":"2022-08-30T17:33:09","slug":"el-proximo-25-de-septiembre-se-votan-los-miembros-que-formaran-el-nuevo-parlamento-en-italia-para-esto-es-importante-saber","status":"publish","type":"post","link":"https:\/\/pdemocraticoneuquen.com\/index.php\/2022\/08\/30\/el-proximo-25-de-septiembre-se-votan-los-miembros-que-formaran-el-nuevo-parlamento-en-italia-para-esto-es-importante-saber\/","title":{"rendered":"El pr\u00f3ximo 25 de septiembre se votan los miembros que formaran el nuevo Parlamento en Italia, para esto es importante saber:"},"content":{"rendered":"\n<p><strong><em>Liliana Di Masi<\/em><\/strong><\/p>\n\n\n\n<p>Italia es una rep\u00fablica desde 2 de junio de 1946 y la soberan\u00eda le pertenece al pueblo, que la ejercita en forma y l\u00edmites establecido en la Constituci\u00f3n, que ya en su primer art\u00edculo, indica que el sistema pol\u00edtico italiano se basa en una rep\u00fablica democr\u00e1tica.<\/p>\n\n\n\n<p>En particular, es una rep\u00fablica parlamentaria, puesto que la representaci\u00f3n de la voluntad ciudadana se le asigna al Parlamento.<\/p>\n\n\n\n<p>La organizaci\u00f3n del sistema pol\u00edtico italiano se basa en el principio de la separaci\u00f3n de poderes: el Parlamento ejercita el poder legislativo, al Gobierno se le encomend\u00f3 el poder ejecutivo y finalmente la magistratura desempe\u00f1a el poder judicial.<\/p>\n\n\n\n<p>El Parlamento tiene una estructura bicameral est\u00e1 compuesto por la Camera de Diputados y el Senado. Cada 5 a\u00f1os hay elecciones parlamentarias, que ocasionalmente pueden adelantarse.<\/p>\n\n\n\n<p>Italia, como respuesta a la gran cantidad de ciudadanos residentes fuera de sus fronteras, divide el mundo en cuatro circunscripciones electorales, y cada una env\u00eda parlamentarios. Con la nueva ley la representaci\u00f3n ser\u00e1 de dos diputados y un senador<\/p>\n\n\n\n<p>Participar en las elecciones como italianos residentes en el exterior es un derecho y un deber moral.<\/p>\n\n\n\n<p>Estas son las primeras elecciones generales en las que entrar\u00e1 en vigor el recorte de parlamentarios decidido por el refer\u00e9ndum de septiembre de 2020, mientras que la ley electoral no cambiar\u00e1.<\/p>\n\n\n\n<p>Cada votante inscripto en el A.I.R.E. y que mantenga sus datos personales actualizados recibir\u00e1 dos boletas, una para la C\u00e1mara de Diputados y otra para el Senado. Cada boleta estar\u00e1 compuesta por casillas rectangulares donde se indicar\u00e1 el nombre del candidato uninominal indicado en la parte superior.<\/p>\n\n\n\n<p>DATOS IMPORTANTES<\/p>\n\n\n\n<p>Las elecciones en Italia son el pr\u00f3ximo 25 de septiembre, pero los ciudadanos residentes en el exterior deben enviar el sobre con su voto con el tiempo suficiente para que los reciban en los consulados antes del 22 de septiembre, sino no ser\u00e1n considerados y el voto estar\u00e1 perdido.<\/p>\n\n\n\n<p>Pueden votar en el exterior s\u00f3lo los ciudadanos que, adem\u00e1s de tramitar y obtener la ciudadan\u00eda, est\u00e1n inscriptos en el A.I.R.E. que funciona como nuestros registros civiles y es la base de datos que utiliza el gobierno italiano para enviar los sobres, por lo que adem\u00e1s es muy importante actualizar los datos, por ejemplo, si se hace cambio de domicilio.<\/p>\n\n\n\n<p>Se eligen un senador y dos diputados por cada circunscripci\u00f3n en el exterior, la nuestra es la circunscripci\u00f3n de Sud Am\u00e9rica. Estos legisladores representan a todos los italianos y sus descendientes, son los que llevan propuestas al Parlamento con el esp\u00edritu de resolver sus problemas y luchar por sus derechos y brindarles beneficios que los asimilen a los que reciben los italianos en Italia.<\/p>\n\n\n\n<p>Es muy importante saber que votar es un derecho y que si bien el voto no es obligatorio ni existen sanciones ni tr\u00e1mites que realizar si no se vota, es muy importante hacerlo para que nos representen y nos defiendan, pero tambi\u00e9n para que nunca nos saquen ese derecho a votar.<\/p>\n\n\n\n<p>El ciudadano es el responsable de su voto y no debe permitir que otras personas se los pida o se los entregue al correo. Existe una ley que penaliza al ciudadano si permite esta maniobra, ya es muy utilizada para ocasionar fraudes que benefician a determinados partidos: el voto es personal, libre y secreto.<\/p>\n","protected":false},"excerpt":{"rendered":"<p>Liliana Di Masi Italia es una rep\u00fablica desde 2 de junio de 1946 y la soberan\u00eda le pertenece al pueblo, que la ejercita en forma y l\u00edmites establecido en la Constituci\u00f3n, que ya en su primer art\u00edculo, indica que el sistema pol\u00edtico italiano se basa en una rep\u00fablica democr\u00e1tica. En particular, es una rep\u00fablica parlamentaria, &hellip;<\/p>\n","protected":false},"author":1,"featured_media":296,"comment_status":"open","ping_status":"open","sticky":false,"template":"","format":"standard","meta":{"footnotes":""},"categories":[7],"tags":[],"class_list":["post-295","post","type-post","status-publish","format-standard","has-post-thumbnail","hentry","category-pd"],"aioseo_notices":[],"_links":{"self":[{"href":"https:\/\/pdemocraticoneuquen.com\/index.php\/wp-json\/wp\/v2\/posts\/295","targetHints":{"allow":["GET"]}}],"collection":[{"href":"https:\/\/pdemocraticoneuquen.com\/index.php\/wp-json\/wp\/v2\/posts"}],"about":[{"href":"https:\/\/pdemocraticoneuquen.com\/index.php\/wp-json\/wp\/v2\/types\/post"}],"author":[{"embeddable":true,"href":"https:\/\/pdemocraticoneuquen.com\/index.php\/wp-json\/wp\/v2\/users\/1"}],"replies":[{"embeddable":true,"href":"https:\/\/pdemocraticoneuquen.com\/index.php\/wp-json\/wp\/v2\/comments?post=295"}],"version-history":[{"count":2,"href":"https:\/\/pdemocraticoneuquen.com\/index.php\/wp-json\/wp\/v2\/posts\/295\/revisions"}],"predecessor-version":[{"id":302,"href":"https:\/\/pdemocraticoneuquen.com\/index.php\/wp-json\/wp\/v2\/posts\/295\/revisions\/302"}],"wp:featuredmedia":[{"embeddable":true,"href":"https:\/\/pdemocraticoneuquen.com\/index.php\/wp-json\/wp\/v2\/media\/296"}],"wp:attachment":[{"href":"https:\/\/pdemocraticoneuquen.com\/index.php\/wp-json\/wp\/v2\/media?parent=295"}],"wp:term":[{"taxonomy":"category","embeddable":true,"href":"https:\/\/pdemocraticoneuquen.com\/index.php\/wp-json\/wp\/v2\/categories?post=295"},{"taxonomy":"post_tag","embeddable":true,"href":"https:\/\/pdemocraticoneuquen.com\/index.php\/wp-json\/wp\/v2\/tags?post=295"}],"curies":[{"name":"wp","href":"https:\/\/api.w.org\/{rel}","templated":true}]}}