{"id":287,"date":"2022-08-18T09:25:56","date_gmt":"2022-08-18T12:25:56","guid":{"rendered":"http:\/\/pdemocraticoneuquen.com\/?p=287"},"modified":"2022-08-18T09:25:57","modified_gmt":"2022-08-18T12:25:57","slug":"il-pd-vara-le-liste-letta-sacrifici-ma-non-ho-fatto-tutto-da-solo-gli-esclusi-eccellenti","status":"publish","type":"post","link":"https:\/\/pdemocraticoneuquen.com\/index.php\/2022\/08\/18\/il-pd-vara-le-liste-letta-sacrifici-ma-non-ho-fatto-tutto-da-solo-gli-esclusi-eccellenti\/","title":{"rendered":"Il Pd vara le liste. Letta, sacrifici ma non ho fatto tutto da solo. Gli esclusi eccellenti"},"content":{"rendered":"\n<p>Volevo ricandidare tutti gli uscenti ma era impossibile, quattro anni fa il metodo di chi faceva le liste era: &#8216;faccio tutto da solo&#8217;. Potevo imporre i miei ma ho cercato di comporre un equilibrio, perch\u00e8 il partito \u00e8 comunit\u00e0\u00bb.<\/p>\n\n\n\n<p>L&#8217;annuncio del segretario dem Enrico Letta arriva al termine di una lunghissima giornata di confronto al Nazareno: la riunione della direzione del Partito Democratico, inizialmente convocata per le 11 di mattina \u00e8 slittata prima alle 15, poi alle 20 e alle 21,30. Infine la riunione \u00e8 iniziata dopo le 23 e ha approvato la Delibera per votazione le liste per le elezioni politiche 2022 con 3 contrari e 5 astenuti.<\/p>\n\n\n\n<p>Letta correr\u00e0 da capolista alla Camera in Lombardia e Veneto, Carlo Cottarelli sar\u00e0 capolista al Senato a Milano, il virologo Andrea Crisanti sar\u00e0 candidato capolista nella circoscrizione Europa.<\/p>\n\n\n\n<p>Quattro under 35 correranno da capolista, Rachele Scarpa, Cristina Cerroni, Raffaele La Regina, Marco Sarracino.<\/p>\n\n\n\n<p>Stefano Ceccanti sar\u00e0 candidato al proporzionale in Toscana al quarto posto, dicono fonti dem, subito smentite per\u00f2 dal diretto interessato.<\/p>\n\n\n\n<p>Il dimezzamento del numero dei parlamentari e i meccanismi richiesti dalla legge elettorale hanno reso estremamente complicata la chiusura delle liste e nelle scorse ore non sono mancate polemiche e proteste per la esclusione di alcuni esponenti Dem di prima linea. Lo stesso Letta ammette che avrebbe \u00abvoluto ricandidare tutti i parlamentari uscenti ma era impossibile a causa del taglio dei parlamentari ma anche per esigenze di rinnovamento\u00bb.<\/p>\n\n\n\n<p>\u00abHo chiesto personalmente sacrifici ad alcuni \u2013 dice il segretario Dem \u2013 mi e&#8217; pesato tantissimo. Quattro anni fa il metodo di chi faceva le liste era: faccio tutto da solo \u2013 continua Letta &#8211; io ho cercato di comporre un equilibrio e il rispetto dei territori \u00e8 stato tra i criteri fondanti delle scelte\u00bb.<\/p>\n\n\n\n<p>\u00abTermino questo esercizio con un profondo peso sul cuore per i tanti no che ho dovuto dire. Peso politico e umano. Ma la politica e&#8217; questo: assumersi la responsabilita&#8217;.<\/p>\n\n\n\n<p>Rosa Criscuolo<\/p>\n","protected":false},"excerpt":{"rendered":"<p>Volevo ricandidare tutti gli uscenti ma era impossibile, quattro anni fa il metodo di chi faceva le liste era: &#8216;faccio tutto da solo&#8217;. Potevo imporre i miei ma ho cercato di comporre un equilibrio, perch\u00e8 il partito \u00e8 comunit\u00e0\u00bb. L&#8217;annuncio del segretario dem Enrico Letta arriva al termine di una lunghissima giornata di confronto al &hellip;<\/p>\n","protected":false},"author":1,"featured_media":288,"comment_status":"open","ping_status":"open","sticky":false,"template":"","format":"standard","meta":{"footnotes":""},"categories":[7],"tags":[],"class_list":["post-287","post","type-post","status-publish","format-standard","has-post-thumbnail","hentry","category-pd"],"aioseo_notices":[],"_links":{"self":[{"href":"https:\/\/pdemocraticoneuquen.com\/index.php\/wp-json\/wp\/v2\/posts\/287","targetHints":{"allow":["GET"]}}],"collection":[{"href":"https:\/\/pdemocraticoneuquen.com\/index.php\/wp-json\/wp\/v2\/posts"}],"about":[{"href":"https:\/\/pdemocraticoneuquen.com\/index.php\/wp-json\/wp\/v2\/types\/post"}],"author":[{"embeddable":true,"href":"https:\/\/pdemocraticoneuquen.com\/index.php\/wp-json\/wp\/v2\/users\/1"}],"replies":[{"embeddable":true,"href":"https:\/\/pdemocraticoneuquen.com\/index.php\/wp-json\/wp\/v2\/comments?post=287"}],"version-history":[{"count":1,"href":"https:\/\/pdemocraticoneuquen.com\/index.php\/wp-json\/wp\/v2\/posts\/287\/revisions"}],"predecessor-version":[{"id":289,"href":"https:\/\/pdemocraticoneuquen.com\/index.php\/wp-json\/wp\/v2\/posts\/287\/revisions\/289"}],"wp:featuredmedia":[{"embeddable":true,"href":"https:\/\/pdemocraticoneuquen.com\/index.php\/wp-json\/wp\/v2\/media\/288"}],"wp:attachment":[{"href":"https:\/\/pdemocraticoneuquen.com\/index.php\/wp-json\/wp\/v2\/media?parent=287"}],"wp:term":[{"taxonomy":"category","embeddable":true,"href":"https:\/\/pdemocraticoneuquen.com\/index.php\/wp-json\/wp\/v2\/categories?post=287"},{"taxonomy":"post_tag","embeddable":true,"href":"https:\/\/pdemocraticoneuquen.com\/index.php\/wp-json\/wp\/v2\/tags?post=287"}],"curies":[{"name":"wp","href":"https:\/\/api.w.org\/{rel}","templated":true}]}}