{"id":267,"date":"2022-08-09T19:22:11","date_gmt":"2022-08-09T22:22:11","guid":{"rendered":"http:\/\/pdemocraticoneuquen.com\/?p=267"},"modified":"2022-08-09T19:22:13","modified_gmt":"2022-08-09T22:22:13","slug":"porta-pd-gli-italiani-in-colombia-e-limportanza-degli-accordi-di-sicurezza-sociale-con-i-paesi-sudamericani","status":"publish","type":"post","link":"https:\/\/pdemocraticoneuquen.com\/index.php\/2022\/08\/09\/porta-pd-gli-italiani-in-colombia-e-limportanza-degli-accordi-di-sicurezza-sociale-con-i-paesi-sudamericani\/","title":{"rendered":"PORTA (PD): GLI ITALIANI IN COLOMBIA E L&#8217;IMPORTANZA DEGLI&nbsp; ACCORDI DI SICUREZZA SOCIALE CON I PAESI SUDAMERICANI"},"content":{"rendered":"\n<p>In occasione del suo recente&nbsp; viaggio a Bogot\u00e0, in Colombia, per presenziare lo scorso 7 agosto&nbsp; all&#8217;insediamento del nuovo Presidente della Repubblica del Paese Sud americano, Gustavo Petro \u2013 economista politico colombiano naturalizzato italiano -, il nostro ministro del Lavoro Andrea Orlando ha voluto incontrare il consigliere del Comites Luca Bertolussi in qualit\u00e0 di rappresentante della comunit\u00e0 italiana in Colombia. Il consigliere Bertolussi ha colto l&#8217;occasione per consegnare al Ministro Orlando un documento con alcue importanti richieste della nostra comunit\u00e0 tra le quali prima fra tutte quella della stipula di una convenzione di sicurezza sociale tra Italia e Colombia. Si tratta di un importante obiettivo per migliaia di connazionali residenti in Colombia che ho gi\u00e0 sollecitato in una mia recente interrogazione proprio ai Ministeri&nbsp; del Lavoro e degli Affari esteri quando ho ricordato al Governo italiano che in America latina&nbsp; ci sono ancora importanti Paesi di emigrazione italiana come la Colombia (ma anche come il Cile, il Per\u00f9, l&#8217;Ecuador, e il Paraguay) con i quali lo Stato italiano non ha ancora stipulato una convenzione di sicurezza sociale nonostante la presenza di decine di migliaia di cittadini italiani e una consistente immigrazione in Italia di cittadini di tali Paesi. Ritengo che da parte dell&#8217;Italia si tratti di un dovere morale e umano (e una iniziativa di valore politico ed economico) avviare e concludere accordi previdenziali che tutelino gli interessi di persone ed imprese impegnate in quei Paesi del Sud America. Ricordo infatti&nbsp; che dalla vigenza di tali accordi deriverebbero benefici, in termini di reciprocit\u00e0, calcolabili sotto il profilo della tutela previdenziale dei lavoratori, nonch\u00e9 di aumento dei redditi e della competitivit\u00e0 delle imprese. Nella prossima legislatura, se verr\u00f2 rieletto,&nbsp; il mio impegno sar\u00e0 particolarmente orientato \u2013 con l&#8217;auspicio che si possa dialogare con un Governo di centrosinistra storicamente e culturalmente pi\u00f9 attento ai problemi dei nostri connazionali \u2013 ad iniziative politiche e legislative per l&#8217;avvio e per la ripresa da parte dello Stato italiano degli accordi internazionali di sicurezza sociale, con particolare attenzione all&#8217;America latina.<\/p>\n","protected":false},"excerpt":{"rendered":"<p>In occasione del suo recente&nbsp; viaggio a Bogot\u00e0, in Colombia, per presenziare lo scorso 7 agosto&nbsp; all&#8217;insediamento del nuovo Presidente della Repubblica del Paese Sud americano, Gustavo Petro \u2013 economista politico colombiano naturalizzato italiano -, il nostro ministro del Lavoro Andrea Orlando ha voluto incontrare il consigliere del Comites Luca Bertolussi in qualit\u00e0 di rappresentante &hellip;<\/p>\n","protected":false},"author":1,"featured_media":244,"comment_status":"open","ping_status":"open","sticky":false,"template":"","format":"standard","meta":{"footnotes":""},"categories":[4,7],"tags":[],"class_list":["post-267","post","type-post","status-publish","format-standard","has-post-thumbnail","hentry","category-fabio-porta","category-pd"],"aioseo_notices":[],"_links":{"self":[{"href":"https:\/\/pdemocraticoneuquen.com\/index.php\/wp-json\/wp\/v2\/posts\/267","targetHints":{"allow":["GET"]}}],"collection":[{"href":"https:\/\/pdemocraticoneuquen.com\/index.php\/wp-json\/wp\/v2\/posts"}],"about":[{"href":"https:\/\/pdemocraticoneuquen.com\/index.php\/wp-json\/wp\/v2\/types\/post"}],"author":[{"embeddable":true,"href":"https:\/\/pdemocraticoneuquen.com\/index.php\/wp-json\/wp\/v2\/users\/1"}],"replies":[{"embeddable":true,"href":"https:\/\/pdemocraticoneuquen.com\/index.php\/wp-json\/wp\/v2\/comments?post=267"}],"version-history":[{"count":1,"href":"https:\/\/pdemocraticoneuquen.com\/index.php\/wp-json\/wp\/v2\/posts\/267\/revisions"}],"predecessor-version":[{"id":268,"href":"https:\/\/pdemocraticoneuquen.com\/index.php\/wp-json\/wp\/v2\/posts\/267\/revisions\/268"}],"wp:featuredmedia":[{"embeddable":true,"href":"https:\/\/pdemocraticoneuquen.com\/index.php\/wp-json\/wp\/v2\/media\/244"}],"wp:attachment":[{"href":"https:\/\/pdemocraticoneuquen.com\/index.php\/wp-json\/wp\/v2\/media?parent=267"}],"wp:term":[{"taxonomy":"category","embeddable":true,"href":"https:\/\/pdemocraticoneuquen.com\/index.php\/wp-json\/wp\/v2\/categories?post=267"},{"taxonomy":"post_tag","embeddable":true,"href":"https:\/\/pdemocraticoneuquen.com\/index.php\/wp-json\/wp\/v2\/tags?post=267"}],"curies":[{"name":"wp","href":"https:\/\/api.w.org\/{rel}","templated":true}]}}