{"id":255,"date":"2022-08-06T17:00:31","date_gmt":"2022-08-06T20:00:31","guid":{"rendered":"http:\/\/pdemocraticoneuquen.com\/?p=255"},"modified":"2022-08-06T17:00:32","modified_gmt":"2022-08-06T20:00:32","slug":"pd-incartato-si-offendono-e-basta","status":"publish","type":"post","link":"https:\/\/pdemocraticoneuquen.com\/index.php\/2022\/08\/06\/pd-incartato-si-offendono-e-basta\/","title":{"rendered":"<strong>Pd incartato, si offendono e basta<\/strong>"},"content":{"rendered":"\n<p><strong>Il Pd si \u00e8 \u00abincartato da solo\u00bb<\/strong>&nbsp;e ormai ha creato un \u00abassembramento in cui si offendono ogni giorno\u00bb.&nbsp;<strong>Cos\u00ec il leader M5s Giuseppe&nbsp;Conte<\/strong>, collegato oggi con l&#8217;assemblea del movimento a Bologna, liquida ancora una volta gli ex alleati di governo. \u00abAdesso diranno che il nostro voto \u00e8 inutile- avverte&nbsp;<strong>Conte<\/strong>\u2013 \u00e8 gi\u00e0 partito lo schema: o votate la destra o votate il Pd, che ormai non si capisce neanche pi\u00f9 che cosa fa. Si sono incartati da soli, in un assembramento tale che si offendono ogni giorno\u00bb.&nbsp;<strong>Come M5s, invece, \u00ababbiamo la forza, la determinazione e il coraggio di andare da soli- ribadisce&nbsp;Conte<\/strong>\u2013 i cinque anni che ci aspettano saranno un impegno quotidiano per realizzare le misure che presentiamo ai cittadini, in qualunque soluzione ci ritroveremo. Non accetteremo condizionamenti\u00bb.&nbsp;<\/p>\n\n\n\n<p><strong>CONTE AGLI EX M5S: \u00abPOLITICA CON LA P MINUSCOLA<\/strong>\u00ab<\/p>\n\n\n\n<p>\u00ab<strong>Verso chi ha lasciato l&#8217;M5s \u00abnon proviamo rancore<\/strong>\u00ab. Ma quella \u00e8 \u00abla politica con la p minuscola\u00bb. A dirlo \u00e8 il leader del movimento, Giuseppe Conte, questa mattina collegato con l&#8217;assemblea dell&#8217;M5s a Bologna. \u00abAdesso quasi non si parla pi\u00f9 di casta e di privilegi in politica- rivendica Conte- perch\u00e9 ci siamo stati noi. Costringiamo tutti a mantenere alta l&#8217;asticella, ma non bisogna distrarsi. Le battaglie non sono finite. Lo spirito di autoconservazione e sopravvivenza della casta dei politici \u00e8 sotto gli occhi di tutti. E dobbiamo dirlo con dolore\u00bb. Negli anni, e di recente, \u00ababbiamo perso compagni di strada che sono stati attirati dalle sirene della gestione del potere, a destra e a sinistra del sistema- sottolinea Conte- ci sono partiti che fino a ieri hanno condiviso le nostre battaglie e che ora si stanno accomodando a offrire posti a chi ci ha lasciato lungo la strada.&nbsp;<strong>Questa \u00e8 la politica, ma non quella che intendiamo noi: \u00e8 la politica con la p minuscola<\/strong>. Facciano pure, noi siamo addolorati ma sereni. Non serbiamo rancore. Ci presentiamo ai cittadini a testa alta- assicura Conte- a noi non \u00e8 mai interessata la gestione del potere, se qualcuno l&#8217;ha frainteso deve ravvedersi\u00bb.&nbsp;<\/p>\n\n\n\n<p>Andrea Sangermano<\/p>\n","protected":false},"excerpt":{"rendered":"<p>Il Pd si \u00e8 \u00abincartato da solo\u00bb&nbsp;e ormai ha creato un \u00abassembramento in cui si offendono ogni giorno\u00bb.&nbsp;Cos\u00ec il leader M5s Giuseppe&nbsp;Conte, collegato oggi con l&#8217;assemblea del movimento a Bologna, liquida ancora una volta gli ex alleati di governo. \u00abAdesso diranno che il nostro voto \u00e8 inutile- avverte&nbsp;Conte\u2013 \u00e8 gi\u00e0 partito lo schema: o votate &hellip;<\/p>\n","protected":false},"author":1,"featured_media":256,"comment_status":"open","ping_status":"open","sticky":false,"template":"","format":"standard","meta":{"footnotes":""},"categories":[7],"tags":[],"class_list":["post-255","post","type-post","status-publish","format-standard","has-post-thumbnail","hentry","category-pd"],"aioseo_notices":[],"_links":{"self":[{"href":"https:\/\/pdemocraticoneuquen.com\/index.php\/wp-json\/wp\/v2\/posts\/255","targetHints":{"allow":["GET"]}}],"collection":[{"href":"https:\/\/pdemocraticoneuquen.com\/index.php\/wp-json\/wp\/v2\/posts"}],"about":[{"href":"https:\/\/pdemocraticoneuquen.com\/index.php\/wp-json\/wp\/v2\/types\/post"}],"author":[{"embeddable":true,"href":"https:\/\/pdemocraticoneuquen.com\/index.php\/wp-json\/wp\/v2\/users\/1"}],"replies":[{"embeddable":true,"href":"https:\/\/pdemocraticoneuquen.com\/index.php\/wp-json\/wp\/v2\/comments?post=255"}],"version-history":[{"count":1,"href":"https:\/\/pdemocraticoneuquen.com\/index.php\/wp-json\/wp\/v2\/posts\/255\/revisions"}],"predecessor-version":[{"id":257,"href":"https:\/\/pdemocraticoneuquen.com\/index.php\/wp-json\/wp\/v2\/posts\/255\/revisions\/257"}],"wp:featuredmedia":[{"embeddable":true,"href":"https:\/\/pdemocraticoneuquen.com\/index.php\/wp-json\/wp\/v2\/media\/256"}],"wp:attachment":[{"href":"https:\/\/pdemocraticoneuquen.com\/index.php\/wp-json\/wp\/v2\/media?parent=255"}],"wp:term":[{"taxonomy":"category","embeddable":true,"href":"https:\/\/pdemocraticoneuquen.com\/index.php\/wp-json\/wp\/v2\/categories?post=255"},{"taxonomy":"post_tag","embeddable":true,"href":"https:\/\/pdemocraticoneuquen.com\/index.php\/wp-json\/wp\/v2\/tags?post=255"}],"curies":[{"name":"wp","href":"https:\/\/api.w.org\/{rel}","templated":true}]}}