{"id":235,"date":"2022-07-26T14:01:00","date_gmt":"2022-07-26T17:01:00","guid":{"rendered":"http:\/\/pdemocraticoneuquen.com\/?p=235"},"modified":"2022-07-26T14:01:01","modified_gmt":"2022-07-26T17:01:01","slug":"porta-pd-intesa-tra-italia-e-brasile-sulla-sanita-la-mia-interrogazione-al-governo","status":"publish","type":"post","link":"https:\/\/pdemocraticoneuquen.com\/index.php\/2022\/07\/26\/porta-pd-intesa-tra-italia-e-brasile-sulla-sanita-la-mia-interrogazione-al-governo\/","title":{"rendered":"PORTA (PD)\/&nbsp; INTESA TRA ITALIA E BRASILE SULLA SANITA\u2019: LA MIA INTERROGAZIONE AL GOVERNO"},"content":{"rendered":"\n<p>Un interessante Memorandum di Intesa tra Italia e Brasile in materia di sanit\u00e0 e scienze mediche firmato nell\u2019ormai lontano 2008 e di cui non si conoscono gli effetti concreti per i due Stati, per le loro istituzioni mediche e per i cittadini. Ho ritenuto quindi utile e necessario interrogare i ministri della Salute e del Lavoro per capire meglio quali siano stati i risultati dell\u2019importante Accordo. L\u2019accordo (definito Memorandum di Intesa) riconosceva l\u2019importanza della salute della popolazione dei due Paesi e della salute pubblica e verteva sulla volont\u00e0 dei due Paesi di sviluppare una fruttuosa collaborazione tra i rispettivi Paesi nel campo della salute e delle scienze mediche e sulla riconosciuta necessit\u00e0 di lavorare congiuntamente per la prevenzione, per la lotta contro le malattie, la promozione della salute, lo sviluppo e la modernizzazione dei servizi sanitari, l\u2019utilizzo delle nuove tecnologie, e la capacit\u00e0 di utilizzare le risorse umane. A quei tempi mi era sembrato una lodevole iniziativa che avrebbe potuto \u2013 se sviluppata e realizzata con efficienza e seriet\u00e0 \u2013 migliorare le basi e i metodi di cooperazione tra le Parti nel campo della salute e della medicina. I campi di cooperazione avrebbero in base all\u2019accordo interessato obiettivi in materia di: riforme finanziarie ed economiche nel campo della salute pubblica; sviluppo tecnologico e apparecchiature sanitarie; tecnologie dell\u2019informazione e della Comunicazione (TIC) applicate alla salute; prevenzione e controllo del cancro da tabagismo ed abuso di farmaci psicotropi, stupefacenti ed oppiacei; gestione ospedaliera; ricerca biomedica e scambio di informazione sui farmaci, compresi quelli basati sulle biotecnologie e i vaccini; salute ambientale; salute dei lavoratori; salute e sviluppo sostenibili. Vista quindi l\u2019importanza dell\u2019accordo per un proficuo e duraturo sviluppo dei rapporti tra Italia e Brasile in materie e campi cos\u00ec importanti per le rispettive popolazioni, ho deciso di interrogare i ministri della Salute e del Lavoro, entrambi coinvolti nella stesura dell\u2019accordo e nella sua operativit\u00e0, chiedendo loro con quali modalit\u00e0 il Memorandum di intesa tra Italia e Brasile succitato \u00e8 stato realizzato, quali sono stati i settori prioritari della collaborazione, le attivit\u00e0 svolte e i relativi costi, quali sono state le modalit\u00e0 e i tempi di svolgimento delle attivit\u00e0 congiunte e delle altre forme di collaborazione durante la vigenza del Memorandum di Intesa, quali sono i contenuti del programma di valutazione e monitoraggio dei risultati ottenuti, quali sono stati infine gli effetti concreti ottenuti dalla realizzazione del Memorandum di Intesa rispetto agli obiettivi che lo stesso accordo aveva prefissato. Ovvio che l\u2019improvvisa interruzione della legislatura render\u00e0 quasi impossibile una tempestiva risposta e una presa di responsabilit\u00e0 da parte del Governo, purtuttavia ho sollevato l\u2019importante questione che \u2013 se rieletto \u2013 non mancher\u00f2 di perseguire nella prossima legislatura.<\/p>\n","protected":false},"excerpt":{"rendered":"<p>Un interessante Memorandum di Intesa tra Italia e Brasile in materia di sanit\u00e0 e scienze mediche firmato nell\u2019ormai lontano 2008 e di cui non si conoscono gli effetti concreti per i due Stati, per le loro istituzioni mediche e per i cittadini. Ho ritenuto quindi utile e necessario interrogare i ministri della Salute e del &hellip;<\/p>\n","protected":false},"author":1,"featured_media":179,"comment_status":"open","ping_status":"open","sticky":false,"template":"","format":"standard","meta":{"footnotes":""},"categories":[4,7],"tags":[],"class_list":["post-235","post","type-post","status-publish","format-standard","has-post-thumbnail","hentry","category-fabio-porta","category-pd"],"aioseo_notices":[],"_links":{"self":[{"href":"https:\/\/pdemocraticoneuquen.com\/index.php\/wp-json\/wp\/v2\/posts\/235","targetHints":{"allow":["GET"]}}],"collection":[{"href":"https:\/\/pdemocraticoneuquen.com\/index.php\/wp-json\/wp\/v2\/posts"}],"about":[{"href":"https:\/\/pdemocraticoneuquen.com\/index.php\/wp-json\/wp\/v2\/types\/post"}],"author":[{"embeddable":true,"href":"https:\/\/pdemocraticoneuquen.com\/index.php\/wp-json\/wp\/v2\/users\/1"}],"replies":[{"embeddable":true,"href":"https:\/\/pdemocraticoneuquen.com\/index.php\/wp-json\/wp\/v2\/comments?post=235"}],"version-history":[{"count":1,"href":"https:\/\/pdemocraticoneuquen.com\/index.php\/wp-json\/wp\/v2\/posts\/235\/revisions"}],"predecessor-version":[{"id":236,"href":"https:\/\/pdemocraticoneuquen.com\/index.php\/wp-json\/wp\/v2\/posts\/235\/revisions\/236"}],"wp:featuredmedia":[{"embeddable":true,"href":"https:\/\/pdemocraticoneuquen.com\/index.php\/wp-json\/wp\/v2\/media\/179"}],"wp:attachment":[{"href":"https:\/\/pdemocraticoneuquen.com\/index.php\/wp-json\/wp\/v2\/media?parent=235"}],"wp:term":[{"taxonomy":"category","embeddable":true,"href":"https:\/\/pdemocraticoneuquen.com\/index.php\/wp-json\/wp\/v2\/categories?post=235"},{"taxonomy":"post_tag","embeddable":true,"href":"https:\/\/pdemocraticoneuquen.com\/index.php\/wp-json\/wp\/v2\/tags?post=235"}],"curies":[{"name":"wp","href":"https:\/\/api.w.org\/{rel}","templated":true}]}}