{"id":190,"date":"2022-06-05T19:55:02","date_gmt":"2022-06-05T19:55:02","guid":{"rendered":"http:\/\/pdemocraticoneuquen.com\/?p=190"},"modified":"2022-06-05T19:55:04","modified_gmt":"2022-06-05T19:55:04","slug":"fabio-porta-partido-democratico-el-parlamento-italiano-no-esta-cambiando-el-ius-sanguinis-quien-lo-dice-es-incorrecto-y-tiene-mala-fe","status":"publish","type":"post","link":"https:\/\/pdemocraticoneuquen.com\/index.php\/2022\/06\/05\/fabio-porta-partido-democratico-el-parlamento-italiano-no-esta-cambiando-el-ius-sanguinis-quien-lo-dice-es-incorrecto-y-tiene-mala-fe\/","title":{"rendered":"FABIO PORTA (PARTIDO DEMOCR\u00c1TICO): \u00abEL PARLAMENTO ITALIANO NO EST\u00c1 CAMBIANDO EL &#8216;IUS SANGUINIS&#8217;. \u00a1QUI\u00c9N LO DICE ES INCORRECTO Y TIENE MALA FE!\u201d"},"content":{"rendered":"\n<p>Una vez m\u00e1s, de manera incorrecta e instrumental, los representantes de los partidos y movimientos pol\u00edticos italianos en Argentina recurren al peligroso ejercicio de difundir noticias falsas (Fake News) para sembrar un p\u00e1nico injustificado en la gran comunidad italiana y hacer propaganda f\u00e1cil, aprovech\u00e1ndose de las escasas noticias sobre la pol\u00edtica italiana que circulan en el extranjero.<\/p>\n\n\n\n<p>Es el caso de la improcedente pol\u00e9mica que circula estos d\u00edas en algunos medios de comunicaci\u00f3n y redes sociales respecto al derecho a la ciudadan\u00eda italiana.<\/p>\n\n\n\n<p>\u00ab\u00a1El &#8216;ius sanguinis&#8217; est\u00e1 en peligro!\u00bb dicen los autores de estas falsas noticias; y tambien dicen: &nbsp;\u00abel Parlamento italiano est\u00e1 aprobando el &#8216;ius soli'\u00bb. Se trata de dos falsedades flagrantes y enga\u00f1osas. En primer lugar, porque ninguna ley actualmente en discusi\u00f3n en el Parlamento italiano suprime o interviene de modo alguno sobre el derecho a la ciudadan\u00eda &#8216;ius sanguinis&#8217; actualmente en vigor en Italia; en segundo lugar, porque el proyecto de ley que examina la C\u00e1mara de Diputados se refiere al llamado &#8216;ius scholae&#8217; o &#8216;ius culturae&#8217;, es decir, la ciudadan\u00eda de los hijos de inmigrantes legalmente residentes en Italia despu\u00e9s de completar un ciclo escolar completo de cinco a\u00f1os. Una medida considerada justa y equitativa, adem\u00e1s de \u00fatil y necesaria, tanto por la mayor\u00eda de los italianos como por los partidos que forman parte de la coalici\u00f3n de centro-derecha (por ejemplo: Forza Italia).<\/p>\n\n\n\n<p>\u00bfPor qu\u00e9 entonces difundir informaci\u00f3n err\u00f3nea, generando miedos e inseguridades en una poblaci\u00f3n (la de los italianos en el exterior) que tiene poco acceso a la informaci\u00f3n pol\u00edtica y parlamentaria italiana y, por lo tanto, est\u00e1 entonces naturalmente expuesta a recibir como buena informaci\u00f3n proveniente de exponentes pol\u00edticos italianos que viven en Argentina? Porque, por desgracia, se acercan las elecciones italianas y es m\u00e1s f\u00e1cil conquistar el consenso con la desinformaci\u00f3n que con la divulgaci\u00f3n de noticias correctas o con la simple ilustraci\u00f3n del trabajo de los respectivos grupos pol\u00edticos a los que pertenecen.<\/p>\n\n\n\n<p>Italia tiene la necesidad urgente y fisiol\u00f3gica de inyectar sangre nueva en las venas de su sociedad, que ahora envejece cada vez m\u00e1s; las j\u00f3venes generaciones de italianos nacidos en el extranjero, as\u00ed como los nacidos en Italia y que asisten regularmente a nuestras escuelas son las dos caras de la misma moneda. Colocarlos en contraposici\u00f3n significa no haber comprendido la gravedad de la recesi\u00f3n demogr\u00e1fica en curso y sobre todo repudiar m\u00e1s de un siglo de historia de la emigraci\u00f3n italiana en el mundo, una historia de sacrificios y \u00e9xitos construidos gracias a la integraci\u00f3n e inclusi\u00f3n de nuestros inmigrantes en el tejido social de los pa\u00edses de acogida.<\/p>\n\n\n\n<p>El Partido Democr\u00e1tico rechaza en\u00e9rgicamente esta pol\u00edtica basada en \u00abnoticias falsas\u00bb y distorsi\u00f3n de la verdad, juzg\u00e1ndola irrespetuosa a la inteligencia y la dignidad de nuestros compatriotas que viven en el extranjero adem\u00e1s de causar malentendidos, desencuentros y divisiones instrumentales entre nuestros compatriotas.<\/p>\n\n\n\n<p>Hacemos un llamado a todos, en primer lugar, a los partidos y movimientos presentes en el extranjero y luego a los medios de comunicaci\u00f3n, para que se respeten las normas de \u00e9tica, honestidad y sentido com\u00fan, citando fuentes de derecho y no opiniones personales o interpretaciones arbitrarias de la realidad.<\/p>\n\n\n\n<p>Fabio Porta<\/p>\n\n\n\n<p>Senador del Partido Democr\u00e1tico elegido en la Repartici\u00f3n de Am\u00e9rica Meridional<\/p>\n","protected":false},"excerpt":{"rendered":"<p>Una vez m\u00e1s, de manera incorrecta e instrumental, los representantes de los partidos y movimientos pol\u00edticos italianos en Argentina recurren al peligroso ejercicio de difundir noticias falsas (Fake News) para sembrar un p\u00e1nico injustificado en la gran comunidad italiana y hacer propaganda f\u00e1cil, aprovech\u00e1ndose de las escasas noticias sobre la pol\u00edtica italiana que circulan en &hellip;<\/p>\n","protected":false},"author":1,"featured_media":78,"comment_status":"open","ping_status":"open","sticky":false,"template":"","format":"standard","meta":{"footnotes":""},"categories":[4],"tags":[6],"class_list":["post-190","post","type-post","status-publish","format-standard","has-post-thumbnail","hentry","category-fabio-porta","tag-politica"],"aioseo_notices":[],"_links":{"self":[{"href":"https:\/\/pdemocraticoneuquen.com\/index.php\/wp-json\/wp\/v2\/posts\/190","targetHints":{"allow":["GET"]}}],"collection":[{"href":"https:\/\/pdemocraticoneuquen.com\/index.php\/wp-json\/wp\/v2\/posts"}],"about":[{"href":"https:\/\/pdemocraticoneuquen.com\/index.php\/wp-json\/wp\/v2\/types\/post"}],"author":[{"embeddable":true,"href":"https:\/\/pdemocraticoneuquen.com\/index.php\/wp-json\/wp\/v2\/users\/1"}],"replies":[{"embeddable":true,"href":"https:\/\/pdemocraticoneuquen.com\/index.php\/wp-json\/wp\/v2\/comments?post=190"}],"version-history":[{"count":1,"href":"https:\/\/pdemocraticoneuquen.com\/index.php\/wp-json\/wp\/v2\/posts\/190\/revisions"}],"predecessor-version":[{"id":191,"href":"https:\/\/pdemocraticoneuquen.com\/index.php\/wp-json\/wp\/v2\/posts\/190\/revisions\/191"}],"wp:featuredmedia":[{"embeddable":true,"href":"https:\/\/pdemocraticoneuquen.com\/index.php\/wp-json\/wp\/v2\/media\/78"}],"wp:attachment":[{"href":"https:\/\/pdemocraticoneuquen.com\/index.php\/wp-json\/wp\/v2\/media?parent=190"}],"wp:term":[{"taxonomy":"category","embeddable":true,"href":"https:\/\/pdemocraticoneuquen.com\/index.php\/wp-json\/wp\/v2\/categories?post=190"},{"taxonomy":"post_tag","embeddable":true,"href":"https:\/\/pdemocraticoneuquen.com\/index.php\/wp-json\/wp\/v2\/tags?post=190"}],"curies":[{"name":"wp","href":"https:\/\/api.w.org\/{rel}","templated":true}]}}