{"id":187,"date":"2021-10-30T12:35:15","date_gmt":"2021-10-30T12:35:15","guid":{"rendered":"http:\/\/pdemocraticoneuquen.com\/?p=187"},"modified":"2021-10-30T12:35:16","modified_gmt":"2021-10-30T12:35:16","slug":"pd-brasile-simplificare-le-procedure-e-favorire-laccesso-ai-ruoli-degli-impiegati-a-contratto-locale-presso-la-rete-estera","status":"publish","type":"post","link":"https:\/\/pdemocraticoneuquen.com\/index.php\/2021\/10\/30\/pd-brasile-simplificare-le-procedure-e-favorire-laccesso-ai-ruoli-degli-impiegati-a-contratto-locale-presso-la-rete-estera\/","title":{"rendered":"PD Brasile: simplificare le procedure e favorire l\u2019accesso ai ruoli degli impiegati a contratto locale presso la rete estera"},"content":{"rendered":"\n<h1 class=\"wp-block-heading\"><\/h1>\n\n\n\n<p>29 October, 2021<\/p>\n\n\n\n<p>Torniamo ad occuparci del concorso, per esami, a 375 posti di collaboratore di amministrazione, contabile e consolare, seconda area F2, indetto dal Ministero degli Affari Esteri e della Cooperazione Internazionale. Pubblicato sulla G.U. 4\u00b0 Serie speciale del 26 febbraio 2021, dopo tre rinvii da parte dell\u2019Amministrazione, il 25 ottobre u.s. sono state rese note le modalit\u00e0 di espletamento delle prove preselettive, in base ad un preciso calendario e con delle stringenti regole da rispettare.<\/p>\n\n\n\n<p>Le presenti disposizioni, se da un lato sono volte a fronteggiare l\u2019emergenza epidemiologica da Covid-19 in corso, dall\u2019altro creano delle difficolt\u00e0 oggettive nell\u2019espletamento della prova da remoto, creando ostacoli difficili da superare tali da mettere in dubbio il principio di costituzionalit\u00e0 secondo il quale: \u201ctutti i cittadini possono accedere agli uffici pubblici e alle cariche elettive in condizioni di eguaglianza, secondo i requisiti stabiliti dalla legge\u201d.<\/p>\n\n\n\n<p>Nello specifico, il candidato deve essere in possesso di una strumentazione tecnologica di ultima generazione, dotata di specifiche tecniche particolarmente elevate (smartphone di ultima generazione, computer dotati di processori e sistemi operativi veloci, connessioni stabili etc.) nonch\u00e9 postazioni fisiche che abbiano caratteristiche difficili da rispettare dalla maggioranza dei partecipanti (stanze con determinate metrature, una sola porta). Questi problemi sono ancora pi\u00f9 gravi per i contrattisti a legge locale che partecipano dai luoghi pi\u00f9 disparati del Mondo (Brasile, Argentina, Canada) che gli costringono ad effettuare la prova in orari impensabili, in base ai fusi orari locali.<\/p>\n\n\n\n<p>Ci chiediamo per quale motivo il MAECI \u2013 al fine di accelerare lo svolgimento delle prove e ripartire con le assunzioni \u2013 non abbia adottato l\u2019ultimo D.L. 44\/2021, in base alla fase preselettiva svolta per soli titoli?<\/p>\n\n\n\n<p>Stando ai fatti ed ai problemi su esposti, si prevedono una valanga di ricorsi, tali da rallentare ulteriormente il gi\u00e0 lento e farraginoso reclutamento nella pubblica amministrazione. Ci\u00f2 andr\u00e0 ad intaccare ulteriormente la funzionalit\u00e0 della rete estera del MAECI che, negli ultimi anni, ha raggiunto livelli particolarmente alti principalmente a causa della carenza di personale ma soprattutto alla luce dell\u2019incremento della domanda di servizi.<\/p>\n\n\n\n<p>La soluzione immediata sarebbe quella di riproporre la ratio della legge 21 dicembre 2001, n. 442, che disponeva il passaggio nei ruoli organici del MAECI del personale a contratto della rete estera, mediante concorso riservato e rispettando determinati requisiti, come la cittadinanza italiana e l\u2019esperienza minima di 5 anni. Questo personale non necessita di formazione in quanto gi\u00e0 in possesso di tutti i requisiti richiesti dal MAECI (disponibilit\u00e0 alla mobilit\u00e0, conoscenze tecniche, pratiche, amministrative e linguistiche). Si auspicano, dunque, azioni concrete che vadano in questo senso.<\/p>\n\n\n\n<p>San Paolo, 29 ottobre 2021<\/p>\n\n\n\n<p>Segreteria della Federazione del Partito Democratico del Brasile<\/p>\n","protected":false},"excerpt":{"rendered":"<p>29 October, 2021 Torniamo ad occuparci del concorso, per esami, a 375 posti di collaboratore di amministrazione, contabile e consolare, seconda area F2, indetto dal Ministero degli Affari Esteri e della Cooperazione Internazionale. Pubblicato sulla G.U. 4\u00b0 Serie speciale del 26 febbraio 2021, dopo tre rinvii da parte dell\u2019Amministrazione, il 25 ottobre u.s. sono state &hellip;<\/p>\n","protected":false},"author":1,"featured_media":78,"comment_status":"open","ping_status":"open","sticky":false,"template":"","format":"standard","meta":{"footnotes":""},"categories":[4],"tags":[],"class_list":["post-187","post","type-post","status-publish","format-standard","has-post-thumbnail","hentry","category-fabio-porta"],"aioseo_notices":[],"_links":{"self":[{"href":"https:\/\/pdemocraticoneuquen.com\/index.php\/wp-json\/wp\/v2\/posts\/187","targetHints":{"allow":["GET"]}}],"collection":[{"href":"https:\/\/pdemocraticoneuquen.com\/index.php\/wp-json\/wp\/v2\/posts"}],"about":[{"href":"https:\/\/pdemocraticoneuquen.com\/index.php\/wp-json\/wp\/v2\/types\/post"}],"author":[{"embeddable":true,"href":"https:\/\/pdemocraticoneuquen.com\/index.php\/wp-json\/wp\/v2\/users\/1"}],"replies":[{"embeddable":true,"href":"https:\/\/pdemocraticoneuquen.com\/index.php\/wp-json\/wp\/v2\/comments?post=187"}],"version-history":[{"count":1,"href":"https:\/\/pdemocraticoneuquen.com\/index.php\/wp-json\/wp\/v2\/posts\/187\/revisions"}],"predecessor-version":[{"id":188,"href":"https:\/\/pdemocraticoneuquen.com\/index.php\/wp-json\/wp\/v2\/posts\/187\/revisions\/188"}],"wp:featuredmedia":[{"embeddable":true,"href":"https:\/\/pdemocraticoneuquen.com\/index.php\/wp-json\/wp\/v2\/media\/78"}],"wp:attachment":[{"href":"https:\/\/pdemocraticoneuquen.com\/index.php\/wp-json\/wp\/v2\/media?parent=187"}],"wp:term":[{"taxonomy":"category","embeddable":true,"href":"https:\/\/pdemocraticoneuquen.com\/index.php\/wp-json\/wp\/v2\/categories?post=187"},{"taxonomy":"post_tag","embeddable":true,"href":"https:\/\/pdemocraticoneuquen.com\/index.php\/wp-json\/wp\/v2\/tags?post=187"}],"curies":[{"name":"wp","href":"https:\/\/api.w.org\/{rel}","templated":true}]}}