{"id":184,"date":"2021-07-15T12:13:03","date_gmt":"2021-07-15T12:13:03","guid":{"rendered":"http:\/\/pdemocraticoneuquen.com\/?p=184"},"modified":"2021-07-15T12:13:04","modified_gmt":"2021-07-15T12:13:04","slug":"porta-pd-le-agora-democratiche-strumento-per-il-rilancio-del-pd-allestero-e-per-riaffermare-la-centralita-dei-diritti-umani-e-politici-nel-mondo","status":"publish","type":"post","link":"https:\/\/pdemocraticoneuquen.com\/index.php\/2021\/07\/15\/porta-pd-le-agora-democratiche-strumento-per-il-rilancio-del-pd-allestero-e-per-riaffermare-la-centralita-dei-diritti-umani-e-politici-nel-mondo\/","title":{"rendered":"PORTA (PD): \u201cLE AGORA\u2019 DEMOCRATICHE STRUMENTO PER IL RILANCIO DEL PD ALL\u2019ESTERO E PER RIAFFERMARE LA CENTRALITA\u2019 DEI DIRITTI UMANI E POLITICI NEL MONDO\u201d"},"content":{"rendered":"\n<p><strong>COMUNICATO STAMPA<\/strong><\/p>\n\n\n\n<p><\/p>\n\n\n\n<p>Intervenendo all\u2019assemblea del Partito Democratico nel mondo, alla presenza del Segretario Nazionale Enrico Letta, il coordinatore del PD in Sudamerica Fabio Porta ha esordito ricordando le recenti sentenze del processo al \u201cPlan Condor\u201d sui crimini commessi dalle dittature sudamericane: \u201cSe ci\u00f2 \u00e8 stato possibile \u00e8 anche grazie all\u2019impegno del Partito Democratico e in particolare del \u201cPD Mondo\u201d che con i suoi contatti con le organizzazioni politiche e sindacali sudamericane ha fatto s\u00ec che lo stesso partito e il governo italiano si costituissero parte civile\u201d.<\/p>\n\n\n\n<p>\u201cLa lotta per la libert\u00e0 e democrazia fanno parte del DNA del Partito Democratico \u2013 ha continuato Fabio Porta \u2013 e ci\u00f2 ha ancora pi\u00f9 valore oggi nel nostro impegno politico in Sudamerica, dove autoritarismi di destra o di sinistra rischiano di trasformare la \u2018democrazia\u2019 in \u2018democratura\u2019 .\u201c<\/p>\n\n\n\n<p>\u201cPer questo \u2013 secondo l\u2019ex deputato del PD \u2013 le \u201cAGORA\u2019 DEMOCRATICHE\u201d possono essere uno strumento di esercizio concreto di democrazia, in Italia e nel mondo\u201d; e in questo senso ha ricordato l\u2019esperienza iniziata qualche anno fa proprio in Brasile con la scuola di formazione politica \u201cPOLIS\u201d di San Paolo, che presto riprender\u00e0 in modalit\u00e0 on-line, come anche la neonata \u201cBELLACIAO\u201d webradio, promossa da associazioni democratiche e progressiste che si rivolgono alla grande collettivit\u00e0 italiana dell\u2019America Latina.<\/p>\n\n\n\n<p>\u201cE\u2019 da questa grandissima collettivit\u00e0 \u2013 ha sottolineato Porta \u2013 che pu\u00f2 scaturire un contributo fondamentale alla ripresa economica dell\u2019Italia nel post pandemia: noi siamo per lo \u201cius culturae\u201d che favorisca l\u2019integrazione degli stranieri in Italia ma anche degli italiani all\u2019estero\u201d. E a questo proposito ha significativamente citato i tre italo-brasiliani che hanno contribuito alla vittoria europea della nazionale di calcio: \u201cJorginho FRELLO, Emerson PALMIERI e Rafael TOLOI, tre discendenti dei nostri emigrati che ci indicano il cammino positivo e intelligente dell\u2019integrazione e dell\u2019apertura dell\u2019Italia alle sue comunit\u00e0 nel mondo.\u201d<\/p>\n\n\n\n<p>Il coordinatore del PD in America Meridionale ha concluso ricordando l\u2019importante battaglia che il partito sta conducendo contro i brogli e le infiltrazioni mafiose che potrebbero aver condizionato le ultime elezioni, sulle quali sono in corso indagini della magistratura e ricorsi in Parlamento: \u201cRestituiremo dignit\u00e0 trasparenza al voto all\u2019estero e diremo basta grazie alle proposte del PD a trasformismi e cambi di casacca che hanno contraddistinto la presenza di alcuni eletti in Sudamerica, offuscando l\u2019onorabilit\u00e0 e l\u2019immagine degli italiani all\u2019estero\u201d<\/p>\n\n\n\n<p><em>Roma,  luglio 2021<\/em><\/p>\n\n\n\n<p><em><strong>Ufficio Stampa On. Fabio Porta<\/strong><\/em><\/p>\n","protected":false},"excerpt":{"rendered":"<p>COMUNICATO STAMPA Intervenendo all\u2019assemblea del Partito Democratico nel mondo, alla presenza del Segretario Nazionale Enrico Letta, il coordinatore del PD in Sudamerica Fabio Porta ha esordito ricordando le recenti sentenze del processo al \u201cPlan Condor\u201d sui crimini commessi dalle dittature sudamericane: \u201cSe ci\u00f2 \u00e8 stato possibile \u00e8 anche grazie all\u2019impegno del Partito Democratico e in &hellip;<\/p>\n","protected":false},"author":1,"featured_media":102,"comment_status":"open","ping_status":"open","sticky":false,"template":"","format":"standard","meta":{"footnotes":""},"categories":[4],"tags":[5],"class_list":["post-184","post","type-post","status-publish","format-standard","has-post-thumbnail","hentry","category-fabio-porta","tag-fabio-porta"],"aioseo_notices":[],"_links":{"self":[{"href":"https:\/\/pdemocraticoneuquen.com\/index.php\/wp-json\/wp\/v2\/posts\/184","targetHints":{"allow":["GET"]}}],"collection":[{"href":"https:\/\/pdemocraticoneuquen.com\/index.php\/wp-json\/wp\/v2\/posts"}],"about":[{"href":"https:\/\/pdemocraticoneuquen.com\/index.php\/wp-json\/wp\/v2\/types\/post"}],"author":[{"embeddable":true,"href":"https:\/\/pdemocraticoneuquen.com\/index.php\/wp-json\/wp\/v2\/users\/1"}],"replies":[{"embeddable":true,"href":"https:\/\/pdemocraticoneuquen.com\/index.php\/wp-json\/wp\/v2\/comments?post=184"}],"version-history":[{"count":1,"href":"https:\/\/pdemocraticoneuquen.com\/index.php\/wp-json\/wp\/v2\/posts\/184\/revisions"}],"predecessor-version":[{"id":185,"href":"https:\/\/pdemocraticoneuquen.com\/index.php\/wp-json\/wp\/v2\/posts\/184\/revisions\/185"}],"wp:featuredmedia":[{"embeddable":true,"href":"https:\/\/pdemocraticoneuquen.com\/index.php\/wp-json\/wp\/v2\/media\/102"}],"wp:attachment":[{"href":"https:\/\/pdemocraticoneuquen.com\/index.php\/wp-json\/wp\/v2\/media?parent=184"}],"wp:term":[{"taxonomy":"category","embeddable":true,"href":"https:\/\/pdemocraticoneuquen.com\/index.php\/wp-json\/wp\/v2\/categories?post=184"},{"taxonomy":"post_tag","embeddable":true,"href":"https:\/\/pdemocraticoneuquen.com\/index.php\/wp-json\/wp\/v2\/tags?post=184"}],"curies":[{"name":"wp","href":"https:\/\/api.w.org\/{rel}","templated":true}]}}