{"id":101,"date":"2021-05-17T22:16:01","date_gmt":"2021-05-17T22:16:01","guid":{"rendered":"http:\/\/pdemocraticoneuquen.com\/?p=101"},"modified":"2021-05-31T22:13:13","modified_gmt":"2021-05-31T22:13:13","slug":"fabio-porta-pd-consentire-il-rientro-presso-il-domicilio-italiano-e-i-ricongiungimenti-familiari-dei-cittadini-italiani-residenti-in-brasile-da-oltre-sei-mesi-impossibilitati-a-rientrare","status":"publish","type":"post","link":"https:\/\/pdemocraticoneuquen.com\/index.php\/2021\/05\/17\/fabio-porta-pd-consentire-il-rientro-presso-il-domicilio-italiano-e-i-ricongiungimenti-familiari-dei-cittadini-italiani-residenti-in-brasile-da-oltre-sei-mesi-impossibilitati-a-rientrare\/","title":{"rendered":"\u201cConsentire il rientro presso il domicilio italiano e i ricongiungimenti familiari dei cittadini italiani residenti in Brasile, da oltre sei mesi impossibilitati a rientrare in Italia\u201d"},"content":{"rendered":"\n<p><\/p>\n\n\n\n<p>\u201cIn Brasile vive la pi\u00f9 grande comunit\u00e0 al mondo di italo-discendenti, oltre trenta milioni di brasiliani di origine italiana dei quali circa 500mila con passaporto italiano: una comunit\u00e0 grande ma soprattutto ricca di una straordinaria storia di legami con l\u2019Italia a livello culturale, sociale ed economico. La pandemia ha colpito duramente questa comunit\u00e0, cos\u00ec come ha colpito l\u2019Italia e il resto del mondo. Nel rispetto di tutti i protocolli sanitari e delle precauzioni pi\u00f9 rigide, nei mesi scorsi \u00e8 stato consentito ai residenti in Italia il rientro dal Brasile, con una decisione del governo orientata non solo al buon senso ma anche al rispetto delle norme nazionali e internazionali. Allo stesso modo e con lo stesso senso di responsabilit\u00e0 chiediamo al governo italiano di consentire, cos\u00ec come avviene negli altri Paesi europei e in ragione dei profondi vincoli esistenti tra le popolazioni di Italia e Brasile, il rientro presso il proprio domicilio e il ricongiungimento familiare per i cittadini italiani residenti in Brasile che hanno parenti di primo e secondo grado in Italia. Si tratterebbe anche in questo caso di una flessibilizzazione delle attuali restrizioni orientata al buon senso e nel quadro di tutte le pi\u00f9 rigide norme sanitarie, oltre che una maniera migliore di controllare e monitorare flussi verso il nostro Paese che risulterebbero pi\u00f9 opachi se costretti ad aggirare i divieti con triangolazioni pericolose oltre che fortunose. Siamo certo che il Ministero della Sanit\u00e0, in raccordo con le autorit\u00e0 diplomatiche italiane presenti in Brasile, sapr\u00e0 dare in tempi brevi una risposta a questa richiesta che fa eco ai tantissimi appelli che si stanno moltiplicando in queste ore in tutto il Brasile e che meritano di essere ascoltati con rispetto e attenzione\u201d.<\/p>\n\n\n\n<p>Ufficio Stampa On. Fabio Porta<br>Roma, 17 maggio 2021<\/p>\n","protected":false},"excerpt":{"rendered":"<p>\u201cIn Brasile vive la pi\u00f9 grande comunit\u00e0 al mondo di italo-discendenti, oltre trenta milioni di brasiliani di origine italiana dei quali circa 500mila con passaporto italiano: una comunit\u00e0 grande ma soprattutto ricca di una straordinaria storia di legami con l\u2019Italia a livello culturale, sociale ed economico. La pandemia ha colpito duramente questa comunit\u00e0, cos\u00ec come &hellip;<\/p>\n","protected":false},"author":1,"featured_media":102,"comment_status":"open","ping_status":"open","sticky":false,"template":"","format":"standard","meta":{"footnotes":""},"categories":[4],"tags":[5],"class_list":["post-101","post","type-post","status-publish","format-standard","has-post-thumbnail","hentry","category-fabio-porta","tag-fabio-porta"],"aioseo_notices":[],"_links":{"self":[{"href":"https:\/\/pdemocraticoneuquen.com\/index.php\/wp-json\/wp\/v2\/posts\/101","targetHints":{"allow":["GET"]}}],"collection":[{"href":"https:\/\/pdemocraticoneuquen.com\/index.php\/wp-json\/wp\/v2\/posts"}],"about":[{"href":"https:\/\/pdemocraticoneuquen.com\/index.php\/wp-json\/wp\/v2\/types\/post"}],"author":[{"embeddable":true,"href":"https:\/\/pdemocraticoneuquen.com\/index.php\/wp-json\/wp\/v2\/users\/1"}],"replies":[{"embeddable":true,"href":"https:\/\/pdemocraticoneuquen.com\/index.php\/wp-json\/wp\/v2\/comments?post=101"}],"version-history":[{"count":2,"href":"https:\/\/pdemocraticoneuquen.com\/index.php\/wp-json\/wp\/v2\/posts\/101\/revisions"}],"predecessor-version":[{"id":104,"href":"https:\/\/pdemocraticoneuquen.com\/index.php\/wp-json\/wp\/v2\/posts\/101\/revisions\/104"}],"wp:featuredmedia":[{"embeddable":true,"href":"https:\/\/pdemocraticoneuquen.com\/index.php\/wp-json\/wp\/v2\/media\/102"}],"wp:attachment":[{"href":"https:\/\/pdemocraticoneuquen.com\/index.php\/wp-json\/wp\/v2\/media?parent=101"}],"wp:term":[{"taxonomy":"category","embeddable":true,"href":"https:\/\/pdemocraticoneuquen.com\/index.php\/wp-json\/wp\/v2\/categories?post=101"},{"taxonomy":"post_tag","embeddable":true,"href":"https:\/\/pdemocraticoneuquen.com\/index.php\/wp-json\/wp\/v2\/tags?post=101"}],"curies":[{"name":"wp","href":"https:\/\/api.w.org\/{rel}","templated":true}]}}